{"id":17054,"date":"2023-10-11T19:41:23","date_gmt":"2023-10-11T19:41:23","guid":{"rendered":"http:\/\/staging.ibermusicas.org\/?p=17054"},"modified":"2023-10-30T14:10:18","modified_gmt":"2023-10-30T14:10:18","slug":"lirica-disidente-falemos-de-mulheres-compositoras-iii-partilha-palestras-conversas-e-concertos-audiovisuais","status":"publish","type":"post","link":"http:\/\/staging.ibermusicas.org\/index.php\/lirica-disidente-falemos-de-mulheres-compositoras-iii-partilha-palestras-conversas-e-concertos-audiovisuais\/","title":{"rendered":"L\u00edrica Disidente &#8211; Falemos de Mulheres Compositoras III partilha palestras, conversas e concertos audiovisuais"},"content":{"rendered":"<p>Durante as segundas-feiras de outubro, L\u00edrica Disidente e Hablemos de Compositoras dedicar\u00e3o a sua escuta e aten\u00e7\u00e3o ao trabalho das mulheres compositoras da hist\u00f3ria e da atualidade. Atrav\u00e9s dos seus canais digitais ser\u00e1 poss\u00edvel descobrir e partilhar di\u00e1logos, exposi\u00e7\u00f5es e novas obras de mulheres compositoras ibero-americanas, gravadas a partir do Chile e da Col\u00f4mbia.<\/p>\n<p>&nbsp;<\/p>\n<p>Falemos de Mulheres Compositoras convida a uma s\u00e9rie de confer\u00eancias, conversas e concertos audiovisuais que convidam a discutir as quest\u00f5es sociais, culturais e de g\u00e9nero na nova m\u00fasica da tradi\u00e7\u00e3o escrita na Ibero-Am\u00e9rica.<\/p>\n<p>&nbsp;<\/p>\n<p>L\u00edrica Disidente &#8211; Falemos de Mulheres Compositoras \u00e9 um projeto premiado pelo Programa Iberm\u00fasicas atrav\u00e9s da linha de Ajudas para o Sector Musical em Modalidade Virtual.<\/p>\n<p>De 9 a 30 de outubro<\/p>\n","protected":false},"excerpt":{"rendered":"<p>Durante as segundas-feiras de outubro, L\u00edrica Disidente e Hablemos de Compositoras dedicar\u00e3o a sua escuta e aten\u00e7\u00e3o ao trabalho das mulheres compositoras da hist\u00f3ria e da atualidade. Atrav\u00e9s dos seus canais digitais ser\u00e1 poss\u00edvel descobrir e partilhar di\u00e1logos, exposi\u00e7\u00f5es e novas obras de mulheres compositoras ibero-americanas, gravadas a partir do Chile e da Col\u00f4mbia. &nbsp; [&hellip;]<\/p>\n","protected":false},"author":7,"featured_media":17052,"comment_status":"closed","ping_status":"closed","sticky":false,"template":"","format":"standard","meta":{"footnotes":""},"categories":[218],"tags":[],"class_list":["post-17054","post","type-post","status-publish","format-standard","has-post-thumbnail","hentry","category-noticias-generales-pt"],"lang":"pt","translations":{"pt":17054,"es":17051},"pll_sync_post":[],"post_mailing_queue_ids":[],"_links":{"self":[{"href":"http:\/\/staging.ibermusicas.org\/index.php\/wp-json\/wp\/v2\/posts\/17054","targetHints":{"allow":["GET"]}}],"collection":[{"href":"http:\/\/staging.ibermusicas.org\/index.php\/wp-json\/wp\/v2\/posts"}],"about":[{"href":"http:\/\/staging.ibermusicas.org\/index.php\/wp-json\/wp\/v2\/types\/post"}],"author":[{"embeddable":true,"href":"http:\/\/staging.ibermusicas.org\/index.php\/wp-json\/wp\/v2\/users\/7"}],"replies":[{"embeddable":true,"href":"http:\/\/staging.ibermusicas.org\/index.php\/wp-json\/wp\/v2\/comments?post=17054"}],"version-history":[{"count":1,"href":"http:\/\/staging.ibermusicas.org\/index.php\/wp-json\/wp\/v2\/posts\/17054\/revisions"}],"predecessor-version":[{"id":17055,"href":"http:\/\/staging.ibermusicas.org\/index.php\/wp-json\/wp\/v2\/posts\/17054\/revisions\/17055"}],"wp:featuredmedia":[{"embeddable":true,"href":"http:\/\/staging.ibermusicas.org\/index.php\/wp-json\/wp\/v2\/media\/17052"}],"wp:attachment":[{"href":"http:\/\/staging.ibermusicas.org\/index.php\/wp-json\/wp\/v2\/media?parent=17054"}],"wp:term":[{"taxonomy":"category","embeddable":true,"href":"http:\/\/staging.ibermusicas.org\/index.php\/wp-json\/wp\/v2\/categories?post=17054"},{"taxonomy":"post_tag","embeddable":true,"href":"http:\/\/staging.ibermusicas.org\/index.php\/wp-json\/wp\/v2\/tags?post=17054"}],"curies":[{"name":"wp","href":"https:\/\/api.w.org\/{rel}","templated":true}]}}