{"id":17056,"date":"2023-10-11T19:42:36","date_gmt":"2023-10-11T19:42:36","guid":{"rendered":"http:\/\/staging.ibermusicas.org\/?p=17056"},"modified":"2023-10-30T14:04:16","modified_gmt":"2023-10-30T14:04:16","slug":"el-cuarteto-de-jazz-paraguayo-joaju-esta-realizando-su-primera-gira-europea-por-espana-y-portugal","status":"publish","type":"post","link":"http:\/\/staging.ibermusicas.org\/index.php\/el-cuarteto-de-jazz-paraguayo-joaju-esta-realizando-su-primera-gira-europea-por-espana-y-portugal\/","title":{"rendered":"El cuarteto de jazz paraguayo JOAJU est\u00e1 realizando su primera gira europea por Espa\u00f1a y Portugal"},"content":{"rendered":"<p>El cuarteto de jazz paraguayo JOAJU inicia su primera gira europea por Espa\u00f1a y Portugal, llevando lo mejor del repertorio jazz\u00edstico paraguayo. Con esta gira estar\u00e1n recorriendo alguno de los principales jazz clubs de la pen\u00ednsula ib\u00e9rica y tendr\u00e1n una destacada participaci\u00f3n en el primer Mercado Iberoamericano de Jazz a realizarse en Espa\u00f1a.<\/p>\n<p>&nbsp;<\/p>\n<p>A la vez el cuarteto entrar\u00e1 a grabar en el reconocido estudio madrile\u00f1o Camale\u00f3n Estudio, para lo que ser\u00e1 su tercer \u00e1lbum discogr\u00e1fico.<\/p>\n<p>&nbsp;<\/p>\n<p>Joaju se alimenta de las rai\u0301ces de la tradicio\u0301n paraguaya y el jazz para crear un espacio donde estilos e intensidades dispares se superponen arrastrando al oyente a lo impredecible.<\/p>\n<p>&nbsp;<\/p>\n<p>Joaju est\u00e1 considerado el mejor grupo del jazz y mu\u0301sica instrumental popular paraguaya. Representa la vanguardia y el presente de la intensa movida del jazz de Paraguay, vinculando este ge\u0301nero con la mu\u0301sica popular instrumental.<\/p>\n<p>&nbsp;<\/p>\n<p>Cuenta con dos \u00e1lbumes editados: \u201cJazz de Ac\u00e1\u201d y \u201cAhoraite\u201d. Ambos discos han recibido excelentes criticas en Espan\u0303a, Argentina, EEUU y Canad\u00e1. \u201cAhoraite\u201d fue nominado como mejor \u00c1lbum de Jazz instrumental para los premios Independent Music Awards 2019.<\/p>\n<p>&nbsp;<\/p>\n<p>Esta gira es posible gracias al apoyo del Programa Iberm\u00fasicas y de la\u00a0 Embajada de Paraguay en Portugal.<\/p>\n<p>&nbsp;<\/p>\n<ul>\n<li>Viernes 13 de octubre: Camale\u00f3n Estudio, Madrid, Espa\u00f1a<\/li>\n<li>S\u00e1bado 14 de octubre: Clarence Jazz Club, M\u00e1laga, Espa\u00f1a<\/li>\n<li>Martes 17 de octubre: Caf\u00e9 Santa Cruz, Coimbra, Portugal<\/li>\n<li>Jueves 19 de octubre: F\u00e1brica Bra\u00e7o de Prata, Lisboa, Portugal<\/li>\n<li>Viernes 20 de octubre: Cascais Jazz Club, Cascais, Portugal<\/li>\n<li>Domingo 22 de octubre: Showcase en Mjazz, Barcelona, Espa\u00f1a<\/li>\n<\/ul>\n","protected":false},"excerpt":{"rendered":"<p>El cuarteto de jazz paraguayo JOAJU inicia su primera gira europea por Espa\u00f1a y Portugal, llevando lo mejor del repertorio jazz\u00edstico paraguayo. Con esta gira estar\u00e1n recorriendo alguno de los principales jazz clubs de la pen\u00ednsula ib\u00e9rica y tendr\u00e1n una destacada participaci\u00f3n en el primer Mercado Iberoamericano de Jazz a realizarse en Espa\u00f1a. &nbsp; A [&hellip;]<\/p>\n","protected":false},"author":7,"featured_media":17057,"comment_status":"closed","ping_status":"closed","sticky":false,"template":"","format":"standard","meta":{"footnotes":""},"categories":[53],"tags":[],"class_list":["post-17056","post","type-post","status-publish","format-standard","has-post-thumbnail","hentry","category-noticias-generales"],"lang":"es","translations":{"es":17056,"pt":17059},"pll_sync_post":[],"post_mailing_queue_ids":[],"_links":{"self":[{"href":"http:\/\/staging.ibermusicas.org\/index.php\/wp-json\/wp\/v2\/posts\/17056","targetHints":{"allow":["GET"]}}],"collection":[{"href":"http:\/\/staging.ibermusicas.org\/index.php\/wp-json\/wp\/v2\/posts"}],"about":[{"href":"http:\/\/staging.ibermusicas.org\/index.php\/wp-json\/wp\/v2\/types\/post"}],"author":[{"embeddable":true,"href":"http:\/\/staging.ibermusicas.org\/index.php\/wp-json\/wp\/v2\/users\/7"}],"replies":[{"embeddable":true,"href":"http:\/\/staging.ibermusicas.org\/index.php\/wp-json\/wp\/v2\/comments?post=17056"}],"version-history":[{"count":1,"href":"http:\/\/staging.ibermusicas.org\/index.php\/wp-json\/wp\/v2\/posts\/17056\/revisions"}],"predecessor-version":[{"id":17058,"href":"http:\/\/staging.ibermusicas.org\/index.php\/wp-json\/wp\/v2\/posts\/17056\/revisions\/17058"}],"wp:featuredmedia":[{"embeddable":true,"href":"http:\/\/staging.ibermusicas.org\/index.php\/wp-json\/wp\/v2\/media\/17057"}],"wp:attachment":[{"href":"http:\/\/staging.ibermusicas.org\/index.php\/wp-json\/wp\/v2\/media?parent=17056"}],"wp:term":[{"taxonomy":"category","embeddable":true,"href":"http:\/\/staging.ibermusicas.org\/index.php\/wp-json\/wp\/v2\/categories?post=17056"},{"taxonomy":"post_tag","embeddable":true,"href":"http:\/\/staging.ibermusicas.org\/index.php\/wp-json\/wp\/v2\/tags?post=17056"}],"curies":[{"name":"wp","href":"https:\/\/api.w.org\/{rel}","templated":true}]}}