{"id":17059,"date":"2023-10-11T19:43:56","date_gmt":"2023-10-11T19:43:56","guid":{"rendered":"http:\/\/staging.ibermusicas.org\/?p=17059"},"modified":"2023-10-30T14:10:02","modified_gmt":"2023-10-30T14:10:02","slug":"o-quarteto-de-jazz-paraguaio-joaju-faz-a-sua-primeira-digressao-europeia-por-espanha-e-portugal","status":"publish","type":"post","link":"http:\/\/staging.ibermusicas.org\/index.php\/o-quarteto-de-jazz-paraguaio-joaju-faz-a-sua-primeira-digressao-europeia-por-espanha-e-portugal\/","title":{"rendered":"O quarteto de jazz paraguaio JOAJU faz a sua primeira digress\u00e3o europeia por Espanha e Portugal"},"content":{"rendered":"<p>O quarteto de jazz paraguaio JOAJU inicia a sua primeira digress\u00e3o europeia por Espanha e Portugal, levando o melhor do repert\u00f3rio de jazz do Paraguai. Com esta digress\u00e3o, percorrer\u00e3o alguns dos principais clubes de jazz da Pen\u00ednsula Ib\u00e9rica e ter\u00e3o uma participa\u00e7\u00e3o destacada no primeiro Mercado Ibero-Americano de Jazz que se realizar\u00e1 em Espanha.<\/p>\n<p>&nbsp;<\/p>\n<p>Ao mesmo tempo, o quarteto iniciar\u00e1 as grava\u00e7\u00f5es no reconhecido est\u00fadio madrileno Camale\u00f3n Estudio, para aquele que ser\u00e1 o seu terceiro \u00e1lbum.<\/p>\n<p>&nbsp;<\/p>\n<p>Joaju baseia-se nas ra\u00edzes da tradi\u00e7\u00e3o paraguaia e do jazz para criar um espa\u00e7o onde estilos e intensidades d\u00edspares se sobrep\u00f5em, atraindo o ouvinte para o imprevis\u00edvel.<\/p>\n<p>&nbsp;<\/p>\n<p>Joaju \u00e9 considerado o melhor grupo de jazz e m\u00fasica instrumental popular do Paraguai. Representa a vanguarda e o presente do intenso movimento jazz\u00edstico paraguaio, unindo este g\u00eanero \u00e0 m\u00fasica instrumental popular.<\/p>\n<p>&nbsp;<\/p>\n<p>Lan\u00e7aram dois \u00e1lbuns: \u00abJazz de Ac\u00e1\u00bb e \u00abAhoraite\u00bb. Ambos os \u00e1lbuns receberam excelentes cr\u00edticas em Espanha, Argentina, EUA e Canad\u00e1. \u00abAhoraite\u00bb foi nomeado para Melhor \u00c1lbum de Jazz Instrumental nos Pr\u00e9mios de M\u00fasica Independente de 2019.<\/p>\n<p>&nbsp;<\/p>\n<p>Esta digress\u00e3o \u00e9 poss\u00edvel gra\u00e7as ao apoio do Programa Iberm\u00fasicas e da Embaixada do Paraguai em Portugal.<\/p>\n<p>&nbsp;<\/p>\n<ul>\n<li>Sexta-feira, 13 de outubro: Camale\u00f3n Estudio, Madrid, Espanha<\/li>\n<li>S\u00e1bado, 14 de outubro: Clarence Jazz Club, M\u00e1laga, Espanha<\/li>\n<li>Ter\u00e7a-feira 17 de outubro: Caf\u00e9 Santa Cruz, Coimbra, Portugal<\/li>\n<li>Quinta-feira 19 de outubro: F\u00e1brica Bra\u00e7o de Prata, Lisboa, Portugal<\/li>\n<li>Sexta-feira, 20 de outubro: Cascais Jazz Club, Cascais, Portugal<\/li>\n<\/ul>\n<p>Domingo 22 de outubro: Showcase no Mjazz, Barcelona, Espanha<\/p>\n","protected":false},"excerpt":{"rendered":"<p>O quarteto de jazz paraguaio JOAJU inicia a sua primeira digress\u00e3o europeia por Espanha e Portugal, levando o melhor do repert\u00f3rio de jazz do Paraguai. Com esta digress\u00e3o, percorrer\u00e3o alguns dos principais clubes de jazz da Pen\u00ednsula Ib\u00e9rica e ter\u00e3o uma participa\u00e7\u00e3o destacada no primeiro Mercado Ibero-Americano de Jazz que se realizar\u00e1 em Espanha. &nbsp; [&hellip;]<\/p>\n","protected":false},"author":7,"featured_media":17057,"comment_status":"closed","ping_status":"closed","sticky":false,"template":"","format":"standard","meta":{"footnotes":""},"categories":[218],"tags":[],"class_list":["post-17059","post","type-post","status-publish","format-standard","has-post-thumbnail","hentry","category-noticias-generales-pt"],"lang":"pt","translations":{"pt":17059,"es":17056},"pll_sync_post":[],"post_mailing_queue_ids":[],"_links":{"self":[{"href":"http:\/\/staging.ibermusicas.org\/index.php\/wp-json\/wp\/v2\/posts\/17059","targetHints":{"allow":["GET"]}}],"collection":[{"href":"http:\/\/staging.ibermusicas.org\/index.php\/wp-json\/wp\/v2\/posts"}],"about":[{"href":"http:\/\/staging.ibermusicas.org\/index.php\/wp-json\/wp\/v2\/types\/post"}],"author":[{"embeddable":true,"href":"http:\/\/staging.ibermusicas.org\/index.php\/wp-json\/wp\/v2\/users\/7"}],"replies":[{"embeddable":true,"href":"http:\/\/staging.ibermusicas.org\/index.php\/wp-json\/wp\/v2\/comments?post=17059"}],"version-history":[{"count":1,"href":"http:\/\/staging.ibermusicas.org\/index.php\/wp-json\/wp\/v2\/posts\/17059\/revisions"}],"predecessor-version":[{"id":17060,"href":"http:\/\/staging.ibermusicas.org\/index.php\/wp-json\/wp\/v2\/posts\/17059\/revisions\/17060"}],"wp:featuredmedia":[{"embeddable":true,"href":"http:\/\/staging.ibermusicas.org\/index.php\/wp-json\/wp\/v2\/media\/17057"}],"wp:attachment":[{"href":"http:\/\/staging.ibermusicas.org\/index.php\/wp-json\/wp\/v2\/media?parent=17059"}],"wp:term":[{"taxonomy":"category","embeddable":true,"href":"http:\/\/staging.ibermusicas.org\/index.php\/wp-json\/wp\/v2\/categories?post=17059"},{"taxonomy":"post_tag","embeddable":true,"href":"http:\/\/staging.ibermusicas.org\/index.php\/wp-json\/wp\/v2\/tags?post=17059"}],"curies":[{"name":"wp","href":"https:\/\/api.w.org\/{rel}","templated":true}]}}