{"id":17064,"date":"2023-10-11T19:49:09","date_gmt":"2023-10-11T19:49:09","guid":{"rendered":"http:\/\/staging.ibermusicas.org\/?p=17064"},"modified":"2023-10-12T17:45:49","modified_gmt":"2023-10-12T17:45:49","slug":"el-quinteto-centroamericano-realizara-su-gira-periferias-por-universidades-mexicanas-2","status":"publish","type":"post","link":"http:\/\/staging.ibermusicas.org\/index.php\/el-quinteto-centroamericano-realizara-su-gira-periferias-por-universidades-mexicanas-2\/","title":{"rendered":"O Quinteto Centro-Americano percorrer\u00e1 as universidades mexicanas na sua digress\u00e3o \u00abPeriferias\u00bb"},"content":{"rendered":"<p>O Quinteto Centro-Americano \u00e9 composto por alguns dos m\u00fasicos mais promissores da regi\u00e3o centro-americana, com os guitarristas Andr\u00e9s Sabor\u00edo, David Calder\u00f3n e Adri\u00e1n Montero da Costa Rica, o contrabaixista Luis V\u00e9liz da Guatemala e a violoncelista Ileana Rivera de El Salvador.<\/p>\n<p>&nbsp;<\/p>\n<p>Os principais interesses do quinteto incluem a divulga\u00e7\u00e3o e programa\u00e7\u00e3o de m\u00fasica contempor\u00e2nea e o estabelecimento de repert\u00f3rio para o conjunto, colaborando com compositores da regi\u00e3o e de outros pa\u00edses. O quinteto foi formado em 2022 por iniciativa do guitarrista costa-riquenho Adri\u00e1n Montero com a inten\u00e7\u00e3o de realizar uma digress\u00e3o de homenagem \u00e0 compositora Sof\u00eda Gubaidulina. A homenagem consistiu em tocar parte do cat\u00e1logo escrito para e com a guitarra, tocar as suas obras a solo para este instrumento e \u00abRepentance\u00bb, escrita para um quinteto muito particular de violoncelo, contrabaixo e tr\u00eas guitarras.<\/p>\n<p>&nbsp;<\/p>\n<p>As periferias s\u00e3o as zonas imediatas que rodeiam um determinado espa\u00e7o, mas s\u00e3o mais do que espa\u00e7os geogr\u00e1ficos, s\u00e3o tamb\u00e9m espa\u00e7os pol\u00edticos, econ\u00f3micos e culturais. O Ocidente, enquanto pot\u00eancia, tem andado num jogo de idas e vindas com as periferias, muitas vezes esbatendo e reescrevendo o que entra e o que sai delas, deixando numa esp\u00e9cie de clandestinidade tudo o que n\u00e3o cabe dentro desses limites hegem\u00f3nicos. Felizmente, hoje em dia, esses limites est\u00e3o a abrir-se gradualmente e, a cada dia que passa, parecem mais difusos e inclusivos, e as vozes de grandes personalidades est\u00e3o a tornar-se cada vez mais relevantes no imagin\u00e1rio global. \u00abPeriferia\u00bb \u00e9 um programa que aborda os imagin\u00e1rios sonoros das periferias, tanto do velho como do novo mundo. A Periferia procura criar essas pontes de di\u00e1logo t\u00e3o necess\u00e1rias hoje em dia, porque apesar de estarmos t\u00e3o ligados e termos a capacidade de comunicar em todo o mundo em tempo real, as divis\u00f5es s\u00e3o cada vez maiores e mais profundas, pelo que uma parte importante do projeto \u00e9 tamb\u00e9m oferecer workshops, masterclasses e espa\u00e7o para uma discuss\u00e3o saud\u00e1vel sobre quem somos atrav\u00e9s da m\u00fasica.<\/p>\n<p>&nbsp;<\/p>\n<p>A digress\u00e3o de \u00abPeriferias\u00bb, do Quinteto Centroamericano, conta com o apoio do Iberm\u00fasicas atrav\u00e9s das Ajudas ao Sector Musical para a Circula\u00e7\u00e3o.<\/p>\n<p>&nbsp;<\/p>\n<ul>\n<li>Domingo, 15 de outubro, 17h: Escuela Municipal de Escaz\u00fa, Costa Rica<\/li>\n<li>Ter\u00e7a-feira, 7 de novembro, 19h: SEMUC, UNAM, Cidade do M\u00e9xico, M\u00e9xico<\/li>\n<li>Ter\u00e7a-feira 14 de novembro, 19h: Universidad Veracruzana, Xalapa, M\u00e9xico<\/li>\n<\/ul>\n","protected":false},"excerpt":{"rendered":"<p>O Quinteto Centro-Americano \u00e9 composto por alguns dos m\u00fasicos mais promissores da regi\u00e3o centro-americana, com os guitarristas Andr\u00e9s Sabor\u00edo, David Calder\u00f3n e Adri\u00e1n Montero da Costa Rica, o contrabaixista Luis V\u00e9liz da Guatemala e a violoncelista Ileana Rivera de El Salvador. &nbsp; Os principais interesses do quinteto incluem a divulga\u00e7\u00e3o e programa\u00e7\u00e3o de m\u00fasica contempor\u00e2nea [&hellip;]<\/p>\n","protected":false},"author":7,"featured_media":17082,"comment_status":"closed","ping_status":"closed","sticky":false,"template":"","format":"standard","meta":{"footnotes":""},"categories":[218],"tags":[],"class_list":["post-17064","post","type-post","status-publish","format-standard","has-post-thumbnail","hentry","category-noticias-generales-pt"],"lang":"pt","translations":{"pt":17064,"es":17061},"pll_sync_post":[],"post_mailing_queue_ids":[],"_links":{"self":[{"href":"http:\/\/staging.ibermusicas.org\/index.php\/wp-json\/wp\/v2\/posts\/17064","targetHints":{"allow":["GET"]}}],"collection":[{"href":"http:\/\/staging.ibermusicas.org\/index.php\/wp-json\/wp\/v2\/posts"}],"about":[{"href":"http:\/\/staging.ibermusicas.org\/index.php\/wp-json\/wp\/v2\/types\/post"}],"author":[{"embeddable":true,"href":"http:\/\/staging.ibermusicas.org\/index.php\/wp-json\/wp\/v2\/users\/7"}],"replies":[{"embeddable":true,"href":"http:\/\/staging.ibermusicas.org\/index.php\/wp-json\/wp\/v2\/comments?post=17064"}],"version-history":[{"count":3,"href":"http:\/\/staging.ibermusicas.org\/index.php\/wp-json\/wp\/v2\/posts\/17064\/revisions"}],"predecessor-version":[{"id":17067,"href":"http:\/\/staging.ibermusicas.org\/index.php\/wp-json\/wp\/v2\/posts\/17064\/revisions\/17067"}],"wp:featuredmedia":[{"embeddable":true,"href":"http:\/\/staging.ibermusicas.org\/index.php\/wp-json\/wp\/v2\/media\/17082"}],"wp:attachment":[{"href":"http:\/\/staging.ibermusicas.org\/index.php\/wp-json\/wp\/v2\/media?parent=17064"}],"wp:term":[{"taxonomy":"category","embeddable":true,"href":"http:\/\/staging.ibermusicas.org\/index.php\/wp-json\/wp\/v2\/categories?post=17064"},{"taxonomy":"post_tag","embeddable":true,"href":"http:\/\/staging.ibermusicas.org\/index.php\/wp-json\/wp\/v2\/tags?post=17064"}],"curies":[{"name":"wp","href":"https:\/\/api.w.org\/{rel}","templated":true}]}}