{"id":17071,"date":"2023-10-11T20:02:36","date_gmt":"2023-10-11T20:02:36","guid":{"rendered":"http:\/\/staging.ibermusicas.org\/?p=17071"},"modified":"2023-10-30T14:09:55","modified_gmt":"2023-10-30T14:09:55","slug":"o-festival-peru-mediterraneo-sera-realizado-em-barcelona-com-a-presenca-de-quatro-grupos-peruanos-2","status":"publish","type":"post","link":"http:\/\/staging.ibermusicas.org\/index.php\/o-festival-peru-mediterraneo-sera-realizado-em-barcelona-com-a-presenca-de-quatro-grupos-peruanos-2\/","title":{"rendered":"O Festival Per\u00fa Mediterr\u00e1neo ser\u00e1 realizado em Barcelona com a presen\u00e7a de quatro grupos peruanos"},"content":{"rendered":"<p>Organizado pela produtora Cern\u00edcalo, o segundo encontro do festival Per\u00fa Mediterr\u00e1neo ter\u00e1 lugar em Barcelona, Espanha, com a presen\u00e7a dos grupos peruanos vencedores das chamadas de circula\u00e7\u00e3o do Programa Iberm\u00fasicas: Encantos Andinos e Buda Pest. Shushupe e Laguna Pai participaram na primeira data do festival.<\/p>\n<p>&nbsp;<\/p>\n<p>Buda Pest \u00e9 um grupo formado por Giuliana Origgi (voz), Maribel Tafur (teclado, sintetizadores e batidas) e Ernesto Ankalli P\u00e9rez (charango e viol\u00e3o), cuja f\u00f3rmula musical combina canto coral, harmonias indie, um fundo de eletr\u00f3nica ambiente e finos vest\u00edgios do folclore peruano. As suas can\u00e7\u00f5es e visuais s\u00e3o inspirados pela contempla\u00e7\u00e3o da natureza, paisagens de tempos passados e lugares escondidos na mem\u00f3ria. Tanto o seu imagin\u00e1rio l\u00edrico como o seu material visual tamb\u00e9m se inspiram no real maravilhoso, uma corrente liter\u00e1ria latino-americana de meados do s\u00e9culo XX relacionada com o realismo m\u00e1gico. Depois de lan\u00e7ar o seu primeiro EP, Con\u00edfera, h\u00e1 dois anos, o quarteto est\u00e1 a preparar o lan\u00e7amento do seu primeiro \u00e1lbum, que continuar\u00e1 a basear-se na tradi\u00e7\u00e3o, instrumenta\u00e7\u00e3o e sonoridade andinas.<\/p>\n<p>&nbsp;<\/p>\n<p>Encantos Andinos \u00e9 um grupo fundado em Lima pelo mestre de charango Jaime Guardia Neyra e pela cantora Pepita Garc\u00eda-Mir\u00f3 que deixou um rasto a seguir no seu pa\u00eds, revalorizando a m\u00fasica tradicional andina em perigo de extin\u00e7\u00e3o. Atualmente formado por Garc\u00eda-Mir\u00f3 (voz), Jaime Jos\u00e9 Guardia (charango e voz), Andr\u00e9s Chimango Lares (violino), Fil Uno (cello), Francisco de la Cruz (guitarra e voz) e Chano D\u00edaz L\u00edmaco (quena e charango), conotados mestres desta tradi\u00e7\u00e3o musical peruana, Encantos Andinos mostra a for\u00e7a e a profundidade de uma poesia musical aguardada pelos amantes da cultura andina, chegando aos ouvidos de quem ainda n\u00e3o a conhecia. Dentro de uma bela encena\u00e7\u00e3o, esta cativante proposta de resgate da m\u00fasica cl\u00e1ssica dos Andes peruanos \u00e9 carregada de conte\u00fado po\u00e9tico, e suas ra\u00edzes musicais remontam a s\u00e9culos atr\u00e1s, reunindo diversos estilos de canto. As suas actua\u00e7\u00f5es podem incluir um par de mestres da Danza de Tijeras, uma forma de arte ancestral classificada pela UNESCO como Patrim\u00f3nio da Humanidade.<\/p>\n<p>&nbsp;<\/p>\n<p>&nbsp;<\/p>\n<ul>\n<li>18 de outubro, 21h Encantos Andinos e Buda Pest na Sala La Nau, Barcelona, Espanha<\/li>\n<\/ul>\n","protected":false},"excerpt":{"rendered":"<p>Organizado pela produtora Cern\u00edcalo, o segundo encontro do festival Per\u00fa Mediterr\u00e1neo ter\u00e1 lugar em Barcelona, Espanha, com a presen\u00e7a dos grupos peruanos vencedores das chamadas de circula\u00e7\u00e3o do Programa Iberm\u00fasicas: Encantos Andinos e Buda Pest. Shushupe e Laguna Pai participaram na primeira data do festival. &nbsp; Buda Pest \u00e9 um grupo formado por Giuliana Origgi [&hellip;]<\/p>\n","protected":false},"author":7,"featured_media":17080,"comment_status":"closed","ping_status":"closed","sticky":false,"template":"","format":"standard","meta":{"footnotes":""},"categories":[218],"tags":[],"class_list":["post-17071","post","type-post","status-publish","format-standard","has-post-thumbnail","hentry","category-noticias-generales-pt"],"lang":"pt","translations":{"pt":17071,"es":17068},"pll_sync_post":[],"post_mailing_queue_ids":[],"_links":{"self":[{"href":"http:\/\/staging.ibermusicas.org\/index.php\/wp-json\/wp\/v2\/posts\/17071","targetHints":{"allow":["GET"]}}],"collection":[{"href":"http:\/\/staging.ibermusicas.org\/index.php\/wp-json\/wp\/v2\/posts"}],"about":[{"href":"http:\/\/staging.ibermusicas.org\/index.php\/wp-json\/wp\/v2\/types\/post"}],"author":[{"embeddable":true,"href":"http:\/\/staging.ibermusicas.org\/index.php\/wp-json\/wp\/v2\/users\/7"}],"replies":[{"embeddable":true,"href":"http:\/\/staging.ibermusicas.org\/index.php\/wp-json\/wp\/v2\/comments?post=17071"}],"version-history":[{"count":2,"href":"http:\/\/staging.ibermusicas.org\/index.php\/wp-json\/wp\/v2\/posts\/17071\/revisions"}],"predecessor-version":[{"id":17079,"href":"http:\/\/staging.ibermusicas.org\/index.php\/wp-json\/wp\/v2\/posts\/17071\/revisions\/17079"}],"wp:featuredmedia":[{"embeddable":true,"href":"http:\/\/staging.ibermusicas.org\/index.php\/wp-json\/wp\/v2\/media\/17080"}],"wp:attachment":[{"href":"http:\/\/staging.ibermusicas.org\/index.php\/wp-json\/wp\/v2\/media?parent=17071"}],"wp:term":[{"taxonomy":"category","embeddable":true,"href":"http:\/\/staging.ibermusicas.org\/index.php\/wp-json\/wp\/v2\/categories?post=17071"},{"taxonomy":"post_tag","embeddable":true,"href":"http:\/\/staging.ibermusicas.org\/index.php\/wp-json\/wp\/v2\/tags?post=17071"}],"curies":[{"name":"wp","href":"https:\/\/api.w.org\/{rel}","templated":true}]}}