{"id":17073,"date":"2023-10-11T21:42:58","date_gmt":"2023-10-11T21:42:58","guid":{"rendered":"http:\/\/staging.ibermusicas.org\/?p=17073"},"modified":"2023-10-30T14:04:11","modified_gmt":"2023-10-30T14:04:11","slug":"llega-el-lanzamiento-del-trabajo-amazonia-revisited","status":"publish","type":"post","link":"http:\/\/staging.ibermusicas.org\/index.php\/llega-el-lanzamiento-del-trabajo-amazonia-revisited\/","title":{"rendered":"Llega el lanzamiento del trabajo Amazonia Revisited"},"content":{"rendered":"<p>El CMC \/ Ciclo de M\u00fasica Contempor\u00e1nea propone la creaci\u00f3n de un \u00e1lbum y un programa de radio que re\u00fana a artistas sonoras, en su mayor\u00eda mujeres, residentes en los pa\u00edses amaz\u00f3nicos de Colombia, Per\u00fa, Venezuela y Bolivia, a partir de material sonoro capturado en la selva amaz\u00f3nica (en Brasil en 2006 por Thelmo Cristovam y en Per\u00fa en 2015 por Sajjra Xhrs Galarreta). El \u00e1lbum ser\u00e1 masterizado y editado gratuitamente en plataformas digitales y en cassette en edici\u00f3n limitada por los sellos Aloardi (PE) y S\u00ea-lo Netlabel (BR). Son parte de este proyecto: Renata Roman (Brasil), Ana Romano (Colombia), Sajjra Xhrs (Per\u00fa), Em\u00ed P\u00e9rez Vidal (Venezuela).<\/p>\n<p>&nbsp;<\/p>\n<p>De este modo, las nociones de escucha postcolonial, ancestralidad, territorios sonoros, son algunas de las herramientas conceptuales para abordar y reimaginar creativamente los paisajes sonoros de la selva amaz\u00f3nica, esbozando una po\u00e9tica inspirada en sus diversas din\u00e1micas ecosist\u00e9micas y en las actividades antropocen<\/p>\n<p>&nbsp;<\/p>\n<p>Amazonia Revisited es un proyecto realizado por CMC (Ciclo de M\u00fasica Contempor\u00e1nea &#8211; Salvador &#8211; Brasil) e IOIC (CH) con el apoyo de Pro-Helvetia Am\u00e9rica del Sur (CH) y del Programa Iberm\u00fasicas, y tiene como objetivo crear nuevos medios de intercambio a medio y largo plazo entre creadores de Brasil, Suiza y Am\u00e9rica Latina, a trav\u00e9s de una serie de acciones como restauraci\u00f3n de acervo sonoro, residencias virtuales, exposiciones de procesos creativos, lanzamientos fonogr\u00e1ficos y audiovisuales, en torno al arte sonoro y sus diversas modalidades, teniendo como principal objeto de investigaci\u00f3n\/creaci\u00f3n la diversidad de sonidos y ambientes ac\u00fasticos de la Amazonia.<\/p>\n<p>&nbsp;<\/p>\n<p>Equipo CMC \/ Amazonia Revisited: Edbrass Brasil de Brasil, Thelmo Cristovam de Brasil, Fabiana Marques de Brasil y Tiago Ribeiro de Brasil.<\/p>\n<p>&nbsp;<\/p>\n<p>Amazonia Revisited es un proyecto ganador de las Ayudas al Sector Musical en Modalidad Virtual del Programa Iberm\u00fasicas.<\/p>\n<p>&nbsp;<\/p>\n<p>&nbsp;<\/p>\n<p>20 de octubre: lanzamiento gratuito del \u00e1lbum en plataformas digitales y distribuci\u00f3n del \u00e1lbum en cassette en edici\u00f3n limitada.<\/p>\n<p>Selo Aloardi (Per\u00fa) <a href=\"https:\/\/aloardi.bandcamp.com\/\">https:\/\/aloardi.bandcamp.com\/<\/a><\/p>\n<p>S\u00ea-lo Net Label (Brasil) <a href=\"https:\/\/selonetlabel.bandcamp.com\">https:\/\/selonetlabel.bandcamp.com<\/a><\/p>\n","protected":false},"excerpt":{"rendered":"<p>El CMC \/ Ciclo de M\u00fasica Contempor\u00e1nea propone la creaci\u00f3n de un \u00e1lbum y un programa de radio que re\u00fana a artistas sonoras, en su mayor\u00eda mujeres, residentes en los pa\u00edses amaz\u00f3nicos de Colombia, Per\u00fa, Venezuela y Bolivia, a partir de material sonoro capturado en la selva amaz\u00f3nica (en Brasil en 2006 por Thelmo Cristovam [&hellip;]<\/p>\n","protected":false},"author":7,"featured_media":17069,"comment_status":"closed","ping_status":"closed","sticky":false,"template":"","format":"standard","meta":{"footnotes":""},"categories":[53],"tags":[],"class_list":["post-17073","post","type-post","status-publish","format-standard","has-post-thumbnail","hentry","category-noticias-generales"],"lang":"es","translations":{"es":17073,"pt":17076},"pll_sync_post":[],"post_mailing_queue_ids":[],"_links":{"self":[{"href":"http:\/\/staging.ibermusicas.org\/index.php\/wp-json\/wp\/v2\/posts\/17073","targetHints":{"allow":["GET"]}}],"collection":[{"href":"http:\/\/staging.ibermusicas.org\/index.php\/wp-json\/wp\/v2\/posts"}],"about":[{"href":"http:\/\/staging.ibermusicas.org\/index.php\/wp-json\/wp\/v2\/types\/post"}],"author":[{"embeddable":true,"href":"http:\/\/staging.ibermusicas.org\/index.php\/wp-json\/wp\/v2\/users\/7"}],"replies":[{"embeddable":true,"href":"http:\/\/staging.ibermusicas.org\/index.php\/wp-json\/wp\/v2\/comments?post=17073"}],"version-history":[{"count":1,"href":"http:\/\/staging.ibermusicas.org\/index.php\/wp-json\/wp\/v2\/posts\/17073\/revisions"}],"predecessor-version":[{"id":17075,"href":"http:\/\/staging.ibermusicas.org\/index.php\/wp-json\/wp\/v2\/posts\/17073\/revisions\/17075"}],"wp:featuredmedia":[{"embeddable":true,"href":"http:\/\/staging.ibermusicas.org\/index.php\/wp-json\/wp\/v2\/media\/17069"}],"wp:attachment":[{"href":"http:\/\/staging.ibermusicas.org\/index.php\/wp-json\/wp\/v2\/media?parent=17073"}],"wp:term":[{"taxonomy":"category","embeddable":true,"href":"http:\/\/staging.ibermusicas.org\/index.php\/wp-json\/wp\/v2\/categories?post=17073"},{"taxonomy":"post_tag","embeddable":true,"href":"http:\/\/staging.ibermusicas.org\/index.php\/wp-json\/wp\/v2\/tags?post=17073"}],"curies":[{"name":"wp","href":"https:\/\/api.w.org\/{rel}","templated":true}]}}