{"id":17086,"date":"2023-10-11T22:00:56","date_gmt":"2023-10-11T22:00:56","guid":{"rendered":"http:\/\/staging.ibermusicas.org\/?p=17086"},"modified":"2023-10-30T14:09:41","modified_gmt":"2023-10-30T14:09:41","slug":"la-cumparsita-chega-na-versao-de-leonel-gasso-com-lonjatango","status":"publish","type":"post","link":"http:\/\/staging.ibermusicas.org\/index.php\/la-cumparsita-chega-na-versao-de-leonel-gasso-com-lonjatango\/","title":{"rendered":"La Cumparsita\u00bb chega na vers\u00e3o de Leonel Gasso com LonjaTang\u00f3"},"content":{"rendered":"<p>Este arranjo musical e a pe\u00e7a audiovisual que o acompanha s\u00e3o o resultado emotivo e procurado da vontade de um jovem artista uruguaio de deixar uma marca diferente, com a honestidade de mostrar o valor do seu trabalho e o objetivo de manter vivo um legado.<\/p>\n<p>&nbsp;<\/p>\n<p>\u00abLa Cumparsita\u00bb foi o primeiro tango que Leonel Gasso conheceu, cujo pai, tamb\u00e9m bandoneonista, ganhava a vida tocando-o em diferentes cidades do interior profundo.<\/p>\n<p>&nbsp;<\/p>\n<p>Para al\u00e9m de ser uma das pe\u00e7as mais tocadas na hist\u00f3ria da m\u00fasica, \u00e9 um verdadeiro s\u00edmbolo da identidade uruguaia. O compositor desta pe\u00e7a, declarada Patrim\u00f3nio Imaterial da Humanidade em 2009, foi o uruguaio Gerardo Matos Rodr\u00edguez. Foi estreada em 19 de abril de 1917 pela orquestra argentina de Roberto Firpo em La Giralda, em Montevideu. O chamado tango dos tangos tem 106 anos, mais de 1200 varia\u00e7\u00f5es e, embora originalmente n\u00e3o tivesse letra, pode ser ouvido em japon\u00eas, italiano, ingl\u00eas, guarani, quechua, vietnamita e portugu\u00eas. Depois de ser gravada por v\u00e1rias forma\u00e7\u00f5es, gera\u00e7\u00e3o ap\u00f3s gera\u00e7\u00e3o, tornou-se o hino mundial do tango.<\/p>\n<p>&nbsp;<\/p>\n<p>LonjaTang\u00f3 nasceu da fus\u00e3o de duas paix\u00f5es musicais rioplatenses: o tango e o candombe. O bandoneon e o vibrafone, instrumentos \u00fanicos, ambos europeus, prop\u00f5em a originalidade desta fus\u00e3o, n\u00e3o s\u00f3 em termos musicais mas tamb\u00e9m em termos selectivos em rela\u00e7\u00e3o ao timbre: a cor \u00fanica de ambos os instrumentos, que, juntamente com os tambores, geram uma sonoridade \u00fanica.<\/p>\n<p>&nbsp;<\/p>\n<p>Leonel Gasso, natural de Florida (Uruguai), mudou-se para a Argentina ainda muito jovem para estudar m\u00fasica. Mais tarde, na Escola Municipal Vicente Acone, conheceu Maxi Nathan, especialista em vibrafone e membro da Orquestra Sinf\u00f3nica de Sodr\u00e9. Atualmente est\u00e1 na Europa, em plena pesquisa e movimento, em busca de novos horizontes e novos m\u00fasicos ligados ao jazz para viver a experi\u00eancia ao vivo, sem seguir caminhos ou conselhos estipulados e encontrar o momento certo para tomar iniciativas.<\/p>\n<p>&nbsp;<\/p>\n<p>Este grupo \u00e9 composto por Leonel Gasso &#8211; Arranjos, composi\u00e7\u00e3o e bandoneon; Maximiliano Nathan &#8211; Vibrafone;<\/p>\n<p>Fernando N\u00fa\u00f1ez &#8211; Tambor chico; Victoria Bonanatta &#8211; Tambor piano; Fernanda B\u00e9rtola &#8211; Tambor repique; Juan Pablo Szilaygi &#8211; Contrabaixo.<\/p>\n<p>&nbsp;<\/p>\n<p>Este material foi realizado gra\u00e7as ao apoio do Iberm\u00fasicas.<\/p>\n<p>&nbsp;<\/p>\n<p>&nbsp;<\/p>\n<p>Lan\u00e7amento: sexta-feira, 20 de outubro, em todas as plataformas digitais<\/p>\n","protected":false},"excerpt":{"rendered":"<p>Este arranjo musical e a pe\u00e7a audiovisual que o acompanha s\u00e3o o resultado emotivo e procurado da vontade de um jovem artista uruguaio de deixar uma marca diferente, com a honestidade de mostrar o valor do seu trabalho e o objetivo de manter vivo um legado. &nbsp; \u00abLa Cumparsita\u00bb foi o primeiro tango que Leonel [&hellip;]<\/p>\n","protected":false},"author":7,"featured_media":17084,"comment_status":"closed","ping_status":"closed","sticky":false,"template":"","format":"standard","meta":{"footnotes":""},"categories":[218],"tags":[],"class_list":["post-17086","post","type-post","status-publish","format-standard","has-post-thumbnail","hentry","category-noticias-generales-pt"],"lang":"pt","translations":{"pt":17086,"es":17083},"pll_sync_post":[],"post_mailing_queue_ids":[],"_links":{"self":[{"href":"http:\/\/staging.ibermusicas.org\/index.php\/wp-json\/wp\/v2\/posts\/17086","targetHints":{"allow":["GET"]}}],"collection":[{"href":"http:\/\/staging.ibermusicas.org\/index.php\/wp-json\/wp\/v2\/posts"}],"about":[{"href":"http:\/\/staging.ibermusicas.org\/index.php\/wp-json\/wp\/v2\/types\/post"}],"author":[{"embeddable":true,"href":"http:\/\/staging.ibermusicas.org\/index.php\/wp-json\/wp\/v2\/users\/7"}],"replies":[{"embeddable":true,"href":"http:\/\/staging.ibermusicas.org\/index.php\/wp-json\/wp\/v2\/comments?post=17086"}],"version-history":[{"count":1,"href":"http:\/\/staging.ibermusicas.org\/index.php\/wp-json\/wp\/v2\/posts\/17086\/revisions"}],"predecessor-version":[{"id":17087,"href":"http:\/\/staging.ibermusicas.org\/index.php\/wp-json\/wp\/v2\/posts\/17086\/revisions\/17087"}],"wp:featuredmedia":[{"embeddable":true,"href":"http:\/\/staging.ibermusicas.org\/index.php\/wp-json\/wp\/v2\/media\/17084"}],"wp:attachment":[{"href":"http:\/\/staging.ibermusicas.org\/index.php\/wp-json\/wp\/v2\/media?parent=17086"}],"wp:term":[{"taxonomy":"category","embeddable":true,"href":"http:\/\/staging.ibermusicas.org\/index.php\/wp-json\/wp\/v2\/categories?post=17086"},{"taxonomy":"post_tag","embeddable":true,"href":"http:\/\/staging.ibermusicas.org\/index.php\/wp-json\/wp\/v2\/tags?post=17086"}],"curies":[{"name":"wp","href":"https:\/\/api.w.org\/{rel}","templated":true}]}}