{"id":17091,"date":"2023-10-11T22:05:18","date_gmt":"2023-10-11T22:05:18","guid":{"rendered":"http:\/\/staging.ibermusicas.org\/?p=17091"},"modified":"2023-10-30T14:09:35","modified_gmt":"2023-10-30T14:09:35","slug":"o-compositor-mexicano-eusebio-sanchez-apresenta-o-seu-projeto-a-q-uatico","status":"publish","type":"post","link":"http:\/\/staging.ibermusicas.org\/index.php\/o-compositor-mexicano-eusebio-sanchez-apresenta-o-seu-projeto-a-q-uatico\/","title":{"rendered":"O compositor mexicano Eusebio S\u00e1nchez apresenta o seu projeto a-Q-u\u00e1tico"},"content":{"rendered":"<p>O concerto\/instala\u00e7\u00e3o a-Q-u\u00e1tico \u00e9 um recital de uma hora de dura\u00e7\u00e3o em que a mat\u00e9ria-prima da cria\u00e7\u00e3o sonora \u00e9 a \u00e1gua. A \u00e1gua como meio de cria\u00e7\u00e3o \u00e9 explorada atrav\u00e9s de tecnologias como a amplifica\u00e7\u00e3o, programa\u00e7\u00e3o, hidrofones e eletr\u00f3nica em tempo real.<\/p>\n<p>&nbsp;<\/p>\n<p>A \u00e1gua \u00e9 a for\u00e7a motriz de toda a natureza. A m\u00fasica &#8211; e as artes &#8211; s\u00e3o conhecidas por imitar ou representar a natureza. Na m\u00fasica ocidental h\u00e1 exemplos claros de obras cujo universo est\u00e9tico foi moldado pela tentativa de captar a realidade dos elementos naturais nas melodias. Hoje, a barreira quase inexistente entre a m\u00fasica e a arte sonora permite utilizar os elementos n\u00e3o como motivo, mas como mat\u00e9ria-prima do discurso c\u00e9nico.<\/p>\n<p>&nbsp;<\/p>\n<p>O objeto de estudo inclui obras do compositor espanhol Jos\u00e9 Luis Tor\u00e1 (Declarar la corte\u00e7a de la letra, 2013), do compositor chin\u00eas-americano Tan Dun (Water music), uma encomenda para Marimbas Pet da compositora de Monterrey Valeria Rub\u00ed, bem como uma instala\u00e7\u00e3o sonora e improvisa\u00e7\u00e3o com ta\u00e7as de \u00e1gua e hidrofones do percussionista Eusebio S\u00e1nchez. Atrav\u00e9s desta performance e arte sonora, o objetivo \u00e9 refletir sobre as actuais condi\u00e7\u00f5es sociais e pol\u00edticas no estado de Nuevo Le\u00f3n (e no norte do pa\u00eds) no que diz respeito \u00e0 situa\u00e7\u00e3o da \u00e1gua.<\/p>\n<p>&nbsp;<\/p>\n<p>Este interc\u00e2mbio cultural pretende ser levado a cabo atrav\u00e9s da rela\u00e7\u00e3o entre o artista Eusebio S\u00e1nchez e a Universidade de Barcelona, com o objetivo de sensibilizar para a utiliza\u00e7\u00e3o deste recurso natural &#8211; a \u00e1gua &#8211; que nos diz respeito a todos.<\/p>\n<p>&nbsp;<\/p>\n<p>O projeto de Eusebio S\u00e1nchez foi premiado pelo Iberm\u00fasicas na sua linha de Ajudas ao Sector da M\u00fasica em Modalidade Virtual.<\/p>\n<p>&nbsp;<\/p>\n<p>23 de outubro, 20 hs, DUCTUS &#8211; M\u00fasica para a \u00e1gua e eletr\u00f3nica em direto. Confer\u00eancia &#8211; Sess\u00e3o virtual com o especialista em tratamento de \u00e1guas Federico Compe\u00e1n. Monterrey, M\u00e9xico<\/p>\n<p>local: www.facebook.com\/eusebiosanchezmusic<\/p>\n","protected":false},"excerpt":{"rendered":"<p>O concerto\/instala\u00e7\u00e3o a-Q-u\u00e1tico \u00e9 um recital de uma hora de dura\u00e7\u00e3o em que a mat\u00e9ria-prima da cria\u00e7\u00e3o sonora \u00e9 a \u00e1gua. A \u00e1gua como meio de cria\u00e7\u00e3o \u00e9 explorada atrav\u00e9s de tecnologias como a amplifica\u00e7\u00e3o, programa\u00e7\u00e3o, hidrofones e eletr\u00f3nica em tempo real. &nbsp; A \u00e1gua \u00e9 a for\u00e7a motriz de toda a natureza. A m\u00fasica [&hellip;]<\/p>\n","protected":false},"author":7,"featured_media":17089,"comment_status":"closed","ping_status":"closed","sticky":false,"template":"","format":"standard","meta":{"footnotes":""},"categories":[218],"tags":[],"class_list":["post-17091","post","type-post","status-publish","format-standard","has-post-thumbnail","hentry","category-noticias-generales-pt"],"lang":"pt","translations":{"pt":17091,"es":17088},"pll_sync_post":[],"post_mailing_queue_ids":[],"_links":{"self":[{"href":"http:\/\/staging.ibermusicas.org\/index.php\/wp-json\/wp\/v2\/posts\/17091","targetHints":{"allow":["GET"]}}],"collection":[{"href":"http:\/\/staging.ibermusicas.org\/index.php\/wp-json\/wp\/v2\/posts"}],"about":[{"href":"http:\/\/staging.ibermusicas.org\/index.php\/wp-json\/wp\/v2\/types\/post"}],"author":[{"embeddable":true,"href":"http:\/\/staging.ibermusicas.org\/index.php\/wp-json\/wp\/v2\/users\/7"}],"replies":[{"embeddable":true,"href":"http:\/\/staging.ibermusicas.org\/index.php\/wp-json\/wp\/v2\/comments?post=17091"}],"version-history":[{"count":1,"href":"http:\/\/staging.ibermusicas.org\/index.php\/wp-json\/wp\/v2\/posts\/17091\/revisions"}],"predecessor-version":[{"id":17092,"href":"http:\/\/staging.ibermusicas.org\/index.php\/wp-json\/wp\/v2\/posts\/17091\/revisions\/17092"}],"wp:featuredmedia":[{"embeddable":true,"href":"http:\/\/staging.ibermusicas.org\/index.php\/wp-json\/wp\/v2\/media\/17089"}],"wp:attachment":[{"href":"http:\/\/staging.ibermusicas.org\/index.php\/wp-json\/wp\/v2\/media?parent=17091"}],"wp:term":[{"taxonomy":"category","embeddable":true,"href":"http:\/\/staging.ibermusicas.org\/index.php\/wp-json\/wp\/v2\/categories?post=17091"},{"taxonomy":"post_tag","embeddable":true,"href":"http:\/\/staging.ibermusicas.org\/index.php\/wp-json\/wp\/v2\/tags?post=17091"}],"curies":[{"name":"wp","href":"https:\/\/api.w.org\/{rel}","templated":true}]}}