{"id":17096,"date":"2023-10-11T22:07:24","date_gmt":"2023-10-11T22:07:24","guid":{"rendered":"http:\/\/staging.ibermusicas.org\/?p=17096"},"modified":"2023-10-30T14:09:30","modified_gmt":"2023-10-30T14:09:30","slug":"com-o-apoio-do-programa-ibermusicas-a-acordeonista-e-cantautora-livia-mattos-continua-sua-turne-pela-espanha-e-portugal","status":"publish","type":"post","link":"http:\/\/staging.ibermusicas.org\/index.php\/com-o-apoio-do-programa-ibermusicas-a-acordeonista-e-cantautora-livia-mattos-continua-sua-turne-pela-espanha-e-portugal\/","title":{"rendered":"Com o apoio do Programa Iberm\u00fasicas, a acordeonista e cantautora L\u00edvia Mattos contin\u00faa sua turn\u00ea pela Espanha e Portugal"},"content":{"rendered":"<p>Nascida em Salvador\/BA, L\u00edvia Mattos \u00e9 acordeonista, cantautora, soci\u00f3loga e performer. Depois de muitos anos circulando nos trabalhos de artistas consagrados como Chico C\u00e9sar, Rosa Passos, Badi Assad, Orquestra Sinf\u00f4nica da Bahia e muitos outros, iniciou a sua carreira a solo.<\/p>\n<p>Mattos lan\u00e7ou o seu primeiro \u00e1lbum autoral em 2017. O \u00e1lbum \u201cVinha da ida\u201d, com arranjos ousados, letras inventivas e fus\u00f5es incomuns de ra\u00edzes brasileiras e ritmos al\u00e9m fronteira, recebeu grandes elogios da cr\u00edtica. Em 2022, lan\u00e7ou o seu segundo \u00e1lbum \u201cApn\u00e9ia\u201d, h\u00edbrido entre can\u00e7\u00f5es e m\u00fasicas instrumentais autorais, incluindo o single hom\u00f4nimo premiado.<\/p>\n<p>Com o seu trabalho, circula por todo Brasil e por diversos pa\u00edses, tendo tocado em festivais como \u201cAkkorden Festival Wien\u201d, na \u00c1ustria; \u201cInternational Macau Parede\u201d, na China; \u201cCantos na Mar\u00e9\u201d, na Gal\u00edcia, MASA, na Costa do Marfim, dentre muitos outros.<\/p>\n<p>Em 2017, foi selecionada para o programa Onebeat, da Found Sound Nation (EUA), onde realizou resid\u00eancia e turn\u00ea pelos Estados Unidos, com outros 24 m\u00fasicos escolhidos ao redor do mundo. No Brasil, j\u00e1 ganhou os principais e mais concorridos editais voltados para cultura, como o Natura Musical (2016), o Rumos Itau Cultural (2017) e o Circuito SESI (2019), al\u00e9m de diversos projetos contemplados na Bahia e em S\u00e3o Paulo. Al\u00e9m de ser considerada uma carism\u00e1tica frontwoman da m\u00fasica, L\u00edvia transita constantemente por cria\u00e7\u00f5es de outras linguagens como a dan\u00e7a, o circo, o audiovisual e o teatro.<\/p>\n<p>Acompanhando L\u00edvia Mattos nesta turn\u00ea estar\u00e3o Jefferson Babu na tuba e Rafael dos Santos na bateria e pandeiro.<\/p>\n<p>&nbsp;<\/p>\n<ul>\n<li>24 de outubro, Convento S\u00e3o Francisco, Coimbra, Portugal<\/li>\n<\/ul>\n<p>26 de outubro, Teatro Colombo, Womex, La Coru\u00f1a, Galicia, Espa\u00f1a<\/p>\n","protected":false},"excerpt":{"rendered":"<p>Nascida em Salvador\/BA, L\u00edvia Mattos \u00e9 acordeonista, cantautora, soci\u00f3loga e performer. Depois de muitos anos circulando nos trabalhos de artistas consagrados como Chico C\u00e9sar, Rosa Passos, Badi Assad, Orquestra Sinf\u00f4nica da Bahia e muitos outros, iniciou a sua carreira a solo. Mattos lan\u00e7ou o seu primeiro \u00e1lbum autoral em 2017. O \u00e1lbum \u201cVinha da ida\u201d, [&hellip;]<\/p>\n","protected":false},"author":7,"featured_media":17094,"comment_status":"closed","ping_status":"closed","sticky":false,"template":"","format":"standard","meta":{"footnotes":""},"categories":[218],"tags":[],"class_list":["post-17096","post","type-post","status-publish","format-standard","has-post-thumbnail","hentry","category-noticias-generales-pt"],"lang":"pt","translations":{"pt":17096,"es":17093},"pll_sync_post":[],"post_mailing_queue_ids":[],"_links":{"self":[{"href":"http:\/\/staging.ibermusicas.org\/index.php\/wp-json\/wp\/v2\/posts\/17096","targetHints":{"allow":["GET"]}}],"collection":[{"href":"http:\/\/staging.ibermusicas.org\/index.php\/wp-json\/wp\/v2\/posts"}],"about":[{"href":"http:\/\/staging.ibermusicas.org\/index.php\/wp-json\/wp\/v2\/types\/post"}],"author":[{"embeddable":true,"href":"http:\/\/staging.ibermusicas.org\/index.php\/wp-json\/wp\/v2\/users\/7"}],"replies":[{"embeddable":true,"href":"http:\/\/staging.ibermusicas.org\/index.php\/wp-json\/wp\/v2\/comments?post=17096"}],"version-history":[{"count":1,"href":"http:\/\/staging.ibermusicas.org\/index.php\/wp-json\/wp\/v2\/posts\/17096\/revisions"}],"predecessor-version":[{"id":17097,"href":"http:\/\/staging.ibermusicas.org\/index.php\/wp-json\/wp\/v2\/posts\/17096\/revisions\/17097"}],"wp:featuredmedia":[{"embeddable":true,"href":"http:\/\/staging.ibermusicas.org\/index.php\/wp-json\/wp\/v2\/media\/17094"}],"wp:attachment":[{"href":"http:\/\/staging.ibermusicas.org\/index.php\/wp-json\/wp\/v2\/media?parent=17096"}],"wp:term":[{"taxonomy":"category","embeddable":true,"href":"http:\/\/staging.ibermusicas.org\/index.php\/wp-json\/wp\/v2\/categories?post=17096"},{"taxonomy":"post_tag","embeddable":true,"href":"http:\/\/staging.ibermusicas.org\/index.php\/wp-json\/wp\/v2\/tags?post=17096"}],"curies":[{"name":"wp","href":"https:\/\/api.w.org\/{rel}","templated":true}]}}