{"id":17101,"date":"2023-10-11T22:09:57","date_gmt":"2023-10-11T22:09:57","guid":{"rendered":"http:\/\/staging.ibermusicas.org\/?p=17101"},"modified":"2023-10-30T14:09:23","modified_gmt":"2023-10-30T14:09:23","slug":"o-artista-brasileiro-dj-mam-leva-a-sua-proposta-ao-festival-womex-da-galiza","status":"publish","type":"post","link":"http:\/\/staging.ibermusicas.org\/index.php\/o-artista-brasileiro-dj-mam-leva-a-sua-proposta-ao-festival-womex-da-galiza\/","title":{"rendered":"O artista brasileiro DJ MAM leva a sua proposta ao Festival Womex da Galiza"},"content":{"rendered":"<p>DJ MAM far\u00e1 a sua apresenta\u00e7\u00e3o no Festival Womex na Galiza. Multi-artista, m\u00fasico, compositor, cantor, performer, produtor musical, diretor art\u00edstico e DJ. Marco Aur\u00e9lio Marinho, nascido nos sub\u00farbios do Rio de Janeiro, \u00e9 um ativista das causas ambientais e clim\u00e1ticas. Tem ascend\u00eancia brasileira mista.<\/p>\n<p>&nbsp;<\/p>\n<p>MAM j\u00e1 se apresentou em grandes eventos como R\u00e9veillon de Copacabana, Roskilde Festival (Dinamarca), MIDEM Latinamerica, WOMAD (Chile e Ilhas Can\u00e1rias), AME &#8211; Atlantic Music Expo (Cabo Verde) e MIMO (Brasil e Portugal).<\/p>\n<p>&nbsp;<\/p>\n<p>Colaborou com mais de uma centena de artistas como Elza Soares, Gilberto Gil, Alceu Valen\u00e7a, Chico C\u00e9sar, BNeg\u00e3o, Luedji Luna, Tropkillaz, El Buho, Batida e outros.<\/p>\n<p>&nbsp;<\/p>\n<p>MAM \u00e9 um artista h\u00edbrido, representante de culturas de resist\u00eancia. Toda essa diversidade brasileira e global pode ser ouvida em suas autorias, produ\u00e7\u00f5es, remixes e dj sets.<\/p>\n<p>&nbsp;<\/p>\n<p>Esta digress\u00e3o conta com o apoio do Programa Iberm\u00fasicas atrav\u00e9s das Ajudas ao Sector Musical para Circula\u00e7\u00e3o Ibero-Americana.<\/p>\n<p>&nbsp;<\/p>\n<p>25 de outubro, Womex Festival, A Coru\u00f1a, Galiza, Espanha<\/p>\n","protected":false},"excerpt":{"rendered":"<p>DJ MAM far\u00e1 a sua apresenta\u00e7\u00e3o no Festival Womex na Galiza. Multi-artista, m\u00fasico, compositor, cantor, performer, produtor musical, diretor art\u00edstico e DJ. Marco Aur\u00e9lio Marinho, nascido nos sub\u00farbios do Rio de Janeiro, \u00e9 um ativista das causas ambientais e clim\u00e1ticas. Tem ascend\u00eancia brasileira mista. &nbsp; MAM j\u00e1 se apresentou em grandes eventos como R\u00e9veillon de [&hellip;]<\/p>\n","protected":false},"author":7,"featured_media":17099,"comment_status":"closed","ping_status":"closed","sticky":false,"template":"","format":"standard","meta":{"footnotes":""},"categories":[218],"tags":[],"class_list":["post-17101","post","type-post","status-publish","format-standard","has-post-thumbnail","hentry","category-noticias-generales-pt"],"lang":"pt","translations":{"pt":17101,"es":17098},"pll_sync_post":[],"post_mailing_queue_ids":[],"_links":{"self":[{"href":"http:\/\/staging.ibermusicas.org\/index.php\/wp-json\/wp\/v2\/posts\/17101","targetHints":{"allow":["GET"]}}],"collection":[{"href":"http:\/\/staging.ibermusicas.org\/index.php\/wp-json\/wp\/v2\/posts"}],"about":[{"href":"http:\/\/staging.ibermusicas.org\/index.php\/wp-json\/wp\/v2\/types\/post"}],"author":[{"embeddable":true,"href":"http:\/\/staging.ibermusicas.org\/index.php\/wp-json\/wp\/v2\/users\/7"}],"replies":[{"embeddable":true,"href":"http:\/\/staging.ibermusicas.org\/index.php\/wp-json\/wp\/v2\/comments?post=17101"}],"version-history":[{"count":1,"href":"http:\/\/staging.ibermusicas.org\/index.php\/wp-json\/wp\/v2\/posts\/17101\/revisions"}],"predecessor-version":[{"id":17102,"href":"http:\/\/staging.ibermusicas.org\/index.php\/wp-json\/wp\/v2\/posts\/17101\/revisions\/17102"}],"wp:featuredmedia":[{"embeddable":true,"href":"http:\/\/staging.ibermusicas.org\/index.php\/wp-json\/wp\/v2\/media\/17099"}],"wp:attachment":[{"href":"http:\/\/staging.ibermusicas.org\/index.php\/wp-json\/wp\/v2\/media?parent=17101"}],"wp:term":[{"taxonomy":"category","embeddable":true,"href":"http:\/\/staging.ibermusicas.org\/index.php\/wp-json\/wp\/v2\/categories?post=17101"},{"taxonomy":"post_tag","embeddable":true,"href":"http:\/\/staging.ibermusicas.org\/index.php\/wp-json\/wp\/v2\/tags?post=17101"}],"curies":[{"name":"wp","href":"https:\/\/api.w.org\/{rel}","templated":true}]}}