{"id":17106,"date":"2023-10-11T22:12:08","date_gmt":"2023-10-11T22:12:08","guid":{"rendered":"http:\/\/staging.ibermusicas.org\/?p=17106"},"modified":"2023-10-11T22:13:56","modified_gmt":"2023-10-11T22:13:56","slug":"apos-a-sua-consagracao-na-america-latina-o-bime-regressa-a-bilbau","status":"publish","type":"post","link":"http:\/\/staging.ibermusicas.org\/index.php\/apos-a-sua-consagracao-na-america-latina-o-bime-regressa-a-bilbau\/","title":{"rendered":"Ap\u00f3s a sua consagra\u00e7\u00e3o na Am\u00e9rica Latina, o BIME regressa a Bilbau"},"content":{"rendered":"<p>O grande encontro internacional da ind\u00fastria musical vai realizar a sua d\u00e9cima primeira edi\u00e7\u00e3o em Bilbau, de 25 a 28 de outubro, com os olhos postos na Europa. A sustentabilidade e a Intelig\u00eancia Artificial ser\u00e3o os principais temas a debater na confer\u00eancia BIME PRO.<\/p>\n<p>&nbsp;<\/p>\n<p>O BIME, um espa\u00e7o que nasceu h\u00e1 mais de dez anos com o esp\u00edrito e o objetivo claro de trabalhar para o presente e o futuro da m\u00fasica e da cultura a n\u00edvel internacional, anuncia a sua d\u00e9cima primeira edi\u00e7\u00e3o, transformando a cidade na capital da m\u00fasica por mais um ano.<\/p>\n<p>&nbsp;<\/p>\n<p>Depois de celebrar o seu d\u00e9cimo anivers\u00e1rio no ano passado e com uma segunda edi\u00e7\u00e3o bem sucedida em Bogot\u00e1, o evento j\u00e1 se posicionou como um acontecimento imperd\u00edvel na agenda cultural e econ\u00f3mica internacional, que procura impulsionar o ecossistema em torno da m\u00fasica, reunindo todas as pessoas que trabalham diariamente neste sector em constante expans\u00e3o, para continuar a construir o futuro em conjunto.<\/p>\n<p>&nbsp;<\/p>\n<p>O programa completo e diversificado deste evento divide-se em duas sec\u00e7\u00f5es principais: BIME PRO, o congresso dirigido ao p\u00fablico profissional, com 3 dias intensos de networking, palestras, masterclasses e workshops que ter\u00e3o lugar no Pal\u00e1cio Euskalduna de quarta a sexta-feira; e BIME LIVE, o programa que encher\u00e1 as salas e palcos ao ar livre da cidade com m\u00fasica ao vivo, aberto ao p\u00fablico em geral, at\u00e9 s\u00e1bado \u00e0 noite.<\/p>\n<p>&nbsp;<\/p>\n<p>O BIME volta a ser o epicentro do sector, reunindo profissionais da Europa e da Am\u00e9rica num di\u00e1logo necess\u00e1rio para refor\u00e7ar as ind\u00fastrias culturais e criativas de ambos os continentes, que s\u00e3o fundamentais para a constru\u00e7\u00e3o de uma sociedade melhor. Atrav\u00e9s das suas diferentes actividades, procura respostas para os desafios que se colocam a este sector em constante mudan\u00e7a. Al\u00e9m disso, ao mesmo tempo que colabora com a internacionaliza\u00e7\u00e3o dos artistas, oferece ao p\u00fablico um extenso programa de m\u00fasica ao vivo, trazendo aos palcos da cidade as \u00faltimas tend\u00eancias musicais de todo o mundo.<\/p>\n<p>&nbsp;<\/p>\n<p>Tr\u00eas importantes cerim\u00f3nias de entrega de pr\u00e9mios ter\u00e3o lugar durante a semana da BIME em Bilbau: os j\u00e1 reconhecidos FEST AWARDS, que este ano celebram tamb\u00e9m o seu 10. A segunda edi\u00e7\u00e3o dos BIME EQUITY AWARDS, que foram criados pela Amazon Music para reconhecer o talento feminino e LGTBIQ+, premiando as pessoas que se destacam pela sua carreira e proje\u00e7\u00e3o futura, bem como pelo seu compromisso social. Al\u00e9m disso, ser\u00e3o apresentados pela primeira vez no BIME os finalistas dos MUSIC MOVES EUROPE AWARDS, um reconhecimento do talento emergente europeu que foi recebido por artistas como Mumford &amp; Sons, Dua Lipa, Zaz, Queralt Lahoz ou Stromae e que procura promover os artistas com maior proje\u00e7\u00e3o na Europa, apoiando-os no desenvolvimento das suas carreiras internacionais.<\/p>\n<p>&nbsp;<\/p>\n<p>A edi\u00e7\u00e3o deste ano do BIME conta com o apoio do Iberm\u00fasicas atrav\u00e9s das suas Ajudas \u00e0 Programa\u00e7\u00e3o.<\/p>\n<p>&nbsp;<\/p>\n<p>De 25 a 28 de outubro, no Pal\u00e1cio Euskalduna, Bilbau, Espanha<\/p>\n","protected":false},"excerpt":{"rendered":"<p>O grande encontro internacional da ind\u00fastria musical vai realizar a sua d\u00e9cima primeira edi\u00e7\u00e3o em Bilbau, de 25 a 28 de outubro, com os olhos postos na Europa. A sustentabilidade e a Intelig\u00eancia Artificial ser\u00e3o os principais temas a debater na confer\u00eancia BIME PRO. &nbsp; O BIME, um espa\u00e7o que nasceu h\u00e1 mais de dez [&hellip;]<\/p>\n","protected":false},"author":7,"featured_media":17104,"comment_status":"closed","ping_status":"closed","sticky":false,"template":"","format":"standard","meta":{"footnotes":""},"categories":[218],"tags":[],"class_list":["post-17106","post","type-post","status-publish","format-standard","has-post-thumbnail","hentry","category-noticias-generales-pt"],"lang":"pt","translations":{"pt":17106,"es":17103},"pll_sync_post":[],"post_mailing_queue_ids":[],"_links":{"self":[{"href":"http:\/\/staging.ibermusicas.org\/index.php\/wp-json\/wp\/v2\/posts\/17106","targetHints":{"allow":["GET"]}}],"collection":[{"href":"http:\/\/staging.ibermusicas.org\/index.php\/wp-json\/wp\/v2\/posts"}],"about":[{"href":"http:\/\/staging.ibermusicas.org\/index.php\/wp-json\/wp\/v2\/types\/post"}],"author":[{"embeddable":true,"href":"http:\/\/staging.ibermusicas.org\/index.php\/wp-json\/wp\/v2\/users\/7"}],"replies":[{"embeddable":true,"href":"http:\/\/staging.ibermusicas.org\/index.php\/wp-json\/wp\/v2\/comments?post=17106"}],"version-history":[{"count":1,"href":"http:\/\/staging.ibermusicas.org\/index.php\/wp-json\/wp\/v2\/posts\/17106\/revisions"}],"predecessor-version":[{"id":17107,"href":"http:\/\/staging.ibermusicas.org\/index.php\/wp-json\/wp\/v2\/posts\/17106\/revisions\/17107"}],"wp:featuredmedia":[{"embeddable":true,"href":"http:\/\/staging.ibermusicas.org\/index.php\/wp-json\/wp\/v2\/media\/17104"}],"wp:attachment":[{"href":"http:\/\/staging.ibermusicas.org\/index.php\/wp-json\/wp\/v2\/media?parent=17106"}],"wp:term":[{"taxonomy":"category","embeddable":true,"href":"http:\/\/staging.ibermusicas.org\/index.php\/wp-json\/wp\/v2\/categories?post=17106"},{"taxonomy":"post_tag","embeddable":true,"href":"http:\/\/staging.ibermusicas.org\/index.php\/wp-json\/wp\/v2\/tags?post=17106"}],"curies":[{"name":"wp","href":"https:\/\/api.w.org\/{rel}","templated":true}]}}