{"id":17111,"date":"2023-10-11T22:18:04","date_gmt":"2023-10-11T22:18:04","guid":{"rendered":"http:\/\/staging.ibermusicas.org\/?p=17111"},"modified":"2023-10-30T14:09:17","modified_gmt":"2023-10-30T14:09:17","slug":"o-grupo-colombiano-tambores-de-siloe-actuara-em-valencia-espanha","status":"publish","type":"post","link":"http:\/\/staging.ibermusicas.org\/index.php\/o-grupo-colombiano-tambores-de-siloe-actuara-em-valencia-espanha\/","title":{"rendered":"O grupo colombiano Tambores de Silo\u00e9 actuar\u00e1 em Val\u00eancia, Espanha"},"content":{"rendered":"<p>Tambores de Silo\u00e9 \u00e9 um grupo musical, composto por crian\u00e7as e adolescentes, nascido no cora\u00e7\u00e3o da Comuna 20 de Cali, na Col\u00f4mbia, um dos sectores historicamente mais atingidos pela viol\u00eancia. Depois de ganharem o pr\u00e9mio &#8216;Ajudas ao sector musical para a circula\u00e7\u00e3o&#8217; do Iberm\u00fasicas, levar\u00e3o a sua melodia inspiradora de esperan\u00e7a e transforma\u00e7\u00e3o aos palcos de Val\u00eancia, Espanha, sendo uma oportunidade para o p\u00fablico espanhol experimentar a magia do Pac\u00edfico colombiano e conhecer o impacto positivo que a arte pode ter na vida de jovens em risco.<\/p>\n<p>&nbsp;<\/p>\n<p>Tambores de Silo\u00e9 \u00e9 composto por 90 crian\u00e7as do bairro de Silo\u00e9 e de sectores como Tierra Blanca, La Estrella, Brisas De Mayo e Bel\u00e9n, na Comuna 20 de Cali. Em liga\u00e7\u00e3o com as entidades educativas do sector, estes jovens e crian\u00e7as frequentam aulas semanais com professores de percuss\u00e3o. O seu principal objetivo \u00e9 proporcionar desenvolvimento cultural e psicossocial a esta popula\u00e7\u00e3o atrav\u00e9s da m\u00fasica.<\/p>\n<p>&nbsp;<\/p>\n<p>Tambores de Silo\u00e9 come\u00e7ou h\u00e1 14 anos como um projeto da Funda\u00e7\u00e3o SIDOC, com o objetivo de prevenir qualquer tipo de viol\u00eancia ou envolvimento de crian\u00e7as e jovens neste sector de Cali. A arte e a m\u00fasica s\u00e3o duas ferramentas importantes que fortaleceram os projectos de vida da popula\u00e7\u00e3o afetada e do seu ambiente.<\/p>\n<p>&nbsp;<\/p>\n<p>As \u00abMarimbotellas\u00bb, \u00abSilocobombos\u00bb, \u00abSilococajas\u00bb, \u00abBern\u00e1fonos\u00bb, s\u00e3o instrumentos musicais adaptados e fabricados com material recicl\u00e1vel, com os quais criam os seus ritmos e can\u00e7\u00f5es cativantes. Este projeto art\u00edstico, liderado pela Funda\u00e7\u00e3o SIDOC, combina a interpreta\u00e7\u00e3o e a constru\u00e7\u00e3o dos instrumentos, utilizando materiais que imitam a sonoridade dos instrumentos utilizados no sector e incluindo a marimba de chonta port\u00e1til com ressonadores de jarros de \u00e1gua.<\/p>\n<p>&nbsp;<\/p>\n<p>Os conjuntos musicais de Silo\u00e9 t\u00eam suas origens no assentamento de comunidades ind\u00edgenas e negras que povoaram a encosta, desenvolvendo uma cultura instrumental e de dan\u00e7a que permeou a cidade de Cali durante d\u00e9cadas. Com o tempo, essa m\u00fasica foi transformada pela m\u00fasica urbana.<\/p>\n<p>&nbsp;<\/p>\n<ul>\n<li>Sexta-feira, 27 de outubro, 19h: Oficina na Calle Cebrian Mezquita 4. Fuente de Sabidur\u00eda Algesuria, Val\u00eancia, Espanha.<\/li>\n<li>S\u00e1bado, 28 de outubro, 20h: Concerto did\u00e1tico na Calle Cebrian Mezquita 4. Fuente de Sabidur\u00eda Algesuria, Val\u00eancia, Espanha.<\/li>\n<li>Domingo, 29 de outubro, 11h: Document\u00e1rio na Calle Cebrian Mezquita 4. Fuente de Sabidur\u00eda Algesuria, Val\u00eancia, Espanha<\/li>\n<\/ul>\n<p>&nbsp;<\/p>\n<p><a href=\"https:\/\/twitter.com\/sidocfundacion\">https:\/\/twitter.com\/sidocfundacion<\/a><\/p>\n<p><a href=\"https:\/\/www.facebook.com\/FundaSidoc\">https:\/\/www.facebook.com\/FundaSidoc<\/a><\/p>\n","protected":false},"excerpt":{"rendered":"<p>Tambores de Silo\u00e9 \u00e9 um grupo musical, composto por crian\u00e7as e adolescentes, nascido no cora\u00e7\u00e3o da Comuna 20 de Cali, na Col\u00f4mbia, um dos sectores historicamente mais atingidos pela viol\u00eancia. Depois de ganharem o pr\u00e9mio &#8216;Ajudas ao sector musical para a circula\u00e7\u00e3o&#8217; do Iberm\u00fasicas, levar\u00e3o a sua melodia inspiradora de esperan\u00e7a e transforma\u00e7\u00e3o aos palcos [&hellip;]<\/p>\n","protected":false},"author":7,"featured_media":17109,"comment_status":"closed","ping_status":"closed","sticky":false,"template":"","format":"standard","meta":{"footnotes":""},"categories":[218],"tags":[],"class_list":["post-17111","post","type-post","status-publish","format-standard","has-post-thumbnail","hentry","category-noticias-generales-pt"],"lang":"pt","translations":{"pt":17111,"es":17108},"pll_sync_post":[],"post_mailing_queue_ids":[],"_links":{"self":[{"href":"http:\/\/staging.ibermusicas.org\/index.php\/wp-json\/wp\/v2\/posts\/17111","targetHints":{"allow":["GET"]}}],"collection":[{"href":"http:\/\/staging.ibermusicas.org\/index.php\/wp-json\/wp\/v2\/posts"}],"about":[{"href":"http:\/\/staging.ibermusicas.org\/index.php\/wp-json\/wp\/v2\/types\/post"}],"author":[{"embeddable":true,"href":"http:\/\/staging.ibermusicas.org\/index.php\/wp-json\/wp\/v2\/users\/7"}],"replies":[{"embeddable":true,"href":"http:\/\/staging.ibermusicas.org\/index.php\/wp-json\/wp\/v2\/comments?post=17111"}],"version-history":[{"count":1,"href":"http:\/\/staging.ibermusicas.org\/index.php\/wp-json\/wp\/v2\/posts\/17111\/revisions"}],"predecessor-version":[{"id":17112,"href":"http:\/\/staging.ibermusicas.org\/index.php\/wp-json\/wp\/v2\/posts\/17111\/revisions\/17112"}],"wp:featuredmedia":[{"embeddable":true,"href":"http:\/\/staging.ibermusicas.org\/index.php\/wp-json\/wp\/v2\/media\/17109"}],"wp:attachment":[{"href":"http:\/\/staging.ibermusicas.org\/index.php\/wp-json\/wp\/v2\/media?parent=17111"}],"wp:term":[{"taxonomy":"category","embeddable":true,"href":"http:\/\/staging.ibermusicas.org\/index.php\/wp-json\/wp\/v2\/categories?post=17111"},{"taxonomy":"post_tag","embeddable":true,"href":"http:\/\/staging.ibermusicas.org\/index.php\/wp-json\/wp\/v2\/tags?post=17111"}],"curies":[{"name":"wp","href":"https:\/\/api.w.org\/{rel}","templated":true}]}}