{"id":17113,"date":"2023-10-11T22:20:04","date_gmt":"2023-10-11T22:20:04","guid":{"rendered":"http:\/\/staging.ibermusicas.org\/?p=17113"},"modified":"2023-10-30T14:03:30","modified_gmt":"2023-10-30T14:03:30","slug":"17113","status":"publish","type":"post","link":"http:\/\/staging.ibermusicas.org\/index.php\/17113\/","title":{"rendered":"Con m\u00faltiples actividades presenciales y virtuales llega desde M\u00e9xico la propuesta de Mariachi Antiguo de Acatic"},"content":{"rendered":"<p>El Mariachi Antiguo de Acatic se ha dedicado por 30 a\u00f1os al rescate del repertorio de la m\u00fasica tradicional de las Altos de Jalisco que poco tiene que ver con los repertorios del mariachi m\u00e1s comercial. Como resultado de este esfuerzo, Javier L\u00f3pez, l\u00edder del Mariachi Antiguo de Acatic, ha recuperado m\u00e1s de 100 canciones oriundas de la regi\u00f3n. Este proyecto se une a los esfuerzos de preservaci\u00f3n y difusi\u00f3n de los notables hallazgos que se encuentran en este archivo.<\/p>\n<p>&nbsp;<\/p>\n<p>A su vez la Tecuexe Band surge de la colaboraci\u00f3n entre el Mariachi Antiguo de Acatic y el productor, artista y dise\u00f1ador sonoro Lumen Lab creando una sonoridad acusm\u00e1tica que resulta de la hibridaci\u00f3n del uso de instrumentos prehisp\u00e1nicos y tradicionales, las sonoridades propias del mariachi antiguo as\u00ed como la electr\u00f3nica de vanguardia, paisajes sonoros y procesos contempor\u00e1neos. Se define a s\u00ed mismo como un ensamble de mariachi acusm\u00e1tico. En conjunto, el viejo profesor y rescatador de m\u00fasica Javier L\u00f3pez, la mente de Diego Mart\u00ednez (Lumen Lab) y los j\u00f3venes integrantes del Mariachi Antiguo de Acatic, generan timbres, atm\u00f3sferas y ritmos envolventes. Una historia sonora de Jalisco desconocida hasta ahora.<\/p>\n<p>&nbsp;<\/p>\n<p>En este proyecto se propone un ciclo de un concierto doble a cargo de Tecuexe Band y el Mariachi Antiguo de Acatic y un taller sobre fabricaci\u00f3n de instrumentos tradicionales, h\u00edbridos en ambos casos. Tanto el concierto como el taller ser\u00e1n realizados en el Museo Ra\u00fal Anguiano del municipio de Guadalajara, Jalisco y contar\u00e1n con repertorio propio.<\/p>\n<p>&nbsp;<\/p>\n<p>El taller y el concierto ser\u00e1n transmitidos en tiempo real como evento del festival Circulart, realizado en la ciudad de Medell\u00edn, Colombia; ambos eventos son parte de las actividades paralelas de la exposici\u00f3n Barro con Ch\u00eda del artista Diego Mart\u00ednez a realizarse en el Museo Ra\u00fal Anguiano.<\/p>\n<p>&nbsp;<\/p>\n<p>Adem\u00e1s se har\u00e1 una presentaci\u00f3n de una docuserie sobre el Mariachi alte\u00f1o y sus tradiciones tanto musicales como de danza. La docuserie estuvo a cargo del director y fot\u00f3grafo Pascual Aldana y del productor Daniel Aldana de Documentalia MX (www.documentaliamx.com). El documental fue iniciado con el fin de mostrar los resultados del Programa de Acciones Multiling\u00fces y Comunitarias (PACMyC) de la Secretar\u00eda de Cultura del gobierno de M\u00e9xico, cuya finalidad es desarrollar la cultura de comunidades y municipios, estimulando la participaci\u00f3n local.<\/p>\n<p>&nbsp;<\/p>\n<p>Se realizar\u00e1 adem\u00e1s la proyecci\u00f3n de los documentales en el Museo Ra\u00fal Anguiano que tambi\u00e9n se transmitir\u00e1 en l\u00ednea. Los videos quedar\u00e1n disponibles en las redes de Circulart durante la duraci\u00f3n del festival. Durante el taller, Javier L\u00f3pez, director del Mariachi Antiguo de Acatic, ense\u00f1ar\u00e1 a los participantes a dise\u00f1ar un instrumento tradicional utilizado en repertorio de la m\u00fasica tradicional de los Altos de Jalisco. En este caso, los participantes fabricar\u00e1n una tambora.<\/p>\n<p>&nbsp;<\/p>\n<p>Este proyecto es posible gracias al apoyo de Iberm\u00fasicas mediante sus \u201cAyudas al Sector Musical en Modalidad Virtual\u201d, convocatoria 2022.<\/p>\n<p>&nbsp;<\/p>\n<p>&nbsp;<\/p>\n<ul>\n<li>Exposici\u00f3n Barro con Ch\u00eda en el Museo Ra\u00fal Anguiano &#8211; Guadalajara, M\u00e9xico: del 30 de septiembre al 12 de noviembre<\/li>\n<li>Evento Iberm\u00fasicas\/Circulart con taller y concierto en tiempo real: 28 de octubre<\/li>\n<li>Exhibici\u00f3n de documental y videos de conciertos durante Festival Circulart: del 8 al 11 de noviembre<\/li>\n<\/ul>\n<p>&nbsp;<\/p>\n<p><a href=\"https:\/\/www.produccionesboreal.com\/\">https:\/\/www.produccionesboreal.com\/<\/a><\/p>\n<p><a href=\"https:\/\/circulart.org\/2023\/\">https:\/\/circulart.org\/2023\/<\/a><\/p>\n<p><a href=\"http:\/\/sic.gob.mx\/ficha.php?table=museo&amp;amp;table_id=306\">http:\/\/sic.gob.mx\/ficha.php?table=museo&amp;amp;table_id=306<\/a><\/p>\n","protected":false},"excerpt":{"rendered":"<p>El Mariachi Antiguo de Acatic se ha dedicado por 30 a\u00f1os al rescate del repertorio de la m\u00fasica tradicional de las Altos de Jalisco que poco tiene que ver con los repertorios del mariachi m\u00e1s comercial. Como resultado de este esfuerzo, Javier L\u00f3pez, l\u00edder del Mariachi Antiguo de Acatic, ha recuperado m\u00e1s de 100 canciones [&hellip;]<\/p>\n","protected":false},"author":7,"featured_media":17114,"comment_status":"closed","ping_status":"closed","sticky":false,"template":"","format":"standard","meta":{"footnotes":""},"categories":[53],"tags":[],"class_list":["post-17113","post","type-post","status-publish","format-standard","has-post-thumbnail","hentry","category-noticias-generales"],"lang":"es","translations":{"es":17113,"pt":17117},"pll_sync_post":[],"post_mailing_queue_ids":[],"_links":{"self":[{"href":"http:\/\/staging.ibermusicas.org\/index.php\/wp-json\/wp\/v2\/posts\/17113","targetHints":{"allow":["GET"]}}],"collection":[{"href":"http:\/\/staging.ibermusicas.org\/index.php\/wp-json\/wp\/v2\/posts"}],"about":[{"href":"http:\/\/staging.ibermusicas.org\/index.php\/wp-json\/wp\/v2\/types\/post"}],"author":[{"embeddable":true,"href":"http:\/\/staging.ibermusicas.org\/index.php\/wp-json\/wp\/v2\/users\/7"}],"replies":[{"embeddable":true,"href":"http:\/\/staging.ibermusicas.org\/index.php\/wp-json\/wp\/v2\/comments?post=17113"}],"version-history":[{"count":2,"href":"http:\/\/staging.ibermusicas.org\/index.php\/wp-json\/wp\/v2\/posts\/17113\/revisions"}],"predecessor-version":[{"id":17116,"href":"http:\/\/staging.ibermusicas.org\/index.php\/wp-json\/wp\/v2\/posts\/17113\/revisions\/17116"}],"wp:featuredmedia":[{"embeddable":true,"href":"http:\/\/staging.ibermusicas.org\/index.php\/wp-json\/wp\/v2\/media\/17114"}],"wp:attachment":[{"href":"http:\/\/staging.ibermusicas.org\/index.php\/wp-json\/wp\/v2\/media?parent=17113"}],"wp:term":[{"taxonomy":"category","embeddable":true,"href":"http:\/\/staging.ibermusicas.org\/index.php\/wp-json\/wp\/v2\/categories?post=17113"},{"taxonomy":"post_tag","embeddable":true,"href":"http:\/\/staging.ibermusicas.org\/index.php\/wp-json\/wp\/v2\/tags?post=17113"}],"curies":[{"name":"wp","href":"https:\/\/api.w.org\/{rel}","templated":true}]}}