{"id":17117,"date":"2023-10-11T22:22:10","date_gmt":"2023-10-11T22:22:10","guid":{"rendered":"http:\/\/staging.ibermusicas.org\/?p=17117"},"modified":"2023-10-30T14:09:10","modified_gmt":"2023-10-30T14:09:10","slug":"a-proposta-do-mariachi-antiguo-de-acatic-chega-do-mexico-com-multiplas-actividades-presenciais-e-virtuais","status":"publish","type":"post","link":"http:\/\/staging.ibermusicas.org\/index.php\/a-proposta-do-mariachi-antiguo-de-acatic-chega-do-mexico-com-multiplas-actividades-presenciais-e-virtuais\/","title":{"rendered":"A proposta do Mariachi Antiguo de Acatic chega do M\u00e9xico com m\u00faltiplas actividades presenciais e virtuais"},"content":{"rendered":"<p>Mariachi Antiguo de Acatic dedica-se h\u00e1 30 anos ao resgate do repert\u00f3rio de m\u00fasica tradicional dos Altos de Jalisco, que pouco tem a ver com os repert\u00f3rios dos mariachi mais comerciais. Como resultado deste esfor\u00e7o, Javier L\u00f3pez, l\u00edder do Mariachi Antiguo de Acatic, recuperou mais de 100 can\u00e7\u00f5es nativas da regi\u00e3o.\u00a0 Este projeto junta-se aos esfor\u00e7os de preserva\u00e7\u00e3o e divulga\u00e7\u00e3o dos not\u00e1veis achados deste arquivo.<\/p>\n<p>&nbsp;<\/p>\n<p>Por sua vez, a Tecuexe Band surge da colabora\u00e7\u00e3o entre o Mariachi Antiguo de Acatic e o produtor, artista e designer de som Lumen Lab, criando uma sonoridade acusm\u00e1tica que resulta da hibrida\u00e7\u00e3o do uso de instrumentos pr\u00e9-hisp\u00e2nicos e tradicionais, das sonoridades do mariachi antigo e da eletr\u00f3nica de vanguarda, das paisagens sonoras e dos processos contempor\u00e2neos. Define-se como um conjunto de mariachi acusm\u00e1tico. Juntos, o velho professor e salvador da m\u00fasica Javier L\u00f3pez, a mente de Diego Mart\u00ednez (Lumen Lab) e os jovens membros do Mariachi Antiguo de Acatic, geram timbres, atmosferas e ritmos envolventes. Uma hist\u00f3ria de Jalisco at\u00e9 agora desconhecida.<\/p>\n<p>&nbsp;<\/p>\n<p>Este projeto prop\u00f5e um ciclo de dois concertos e uma oficina de fabrico de instrumentos tradicionais, ambos virtuais, com o Mariachi Antiguo de Acatic e a Banda Tecuexe. Os concertos realizar-se-\u00e3o no Museu Ra\u00fal Anguiano, no munic\u00edpio de Guadalajara, Jalisco, e apresentar\u00e3o repert\u00f3rio do Mariachi Antiguo de Acatic e da Banda Tecuexe.<\/p>\n<p>&nbsp;<\/p>\n<p>A oficina e o concerto ser\u00e3o transmitidos em tempo real como um evento do festival Circulart, realizado na cidade de Medell\u00edn, Col\u00f4mbia; ambos os eventos fazem parte das atividades paralelas da exposi\u00e7\u00e3o Barro con Ch\u00eda, do artista Diego Mart\u00ednez, que ter\u00e1 lugar no Museo Ra\u00fal Anguiano.<\/p>\n<p>&nbsp;<\/p>\n<p>Tamb\u00e9m ser\u00e1 apresentada uma s\u00e9rie documental sobre o Mariachi Alte\u00f1o e as suas tradi\u00e7\u00f5es musicais e de dan\u00e7a. A docu serie foi realizada pelo diretor e fot\u00f3grafo Pascual Aldana e pelo produtor Daniel Aldana da Documentalia MX (www.documentaliamx.com). O document\u00e1rio foi iniciado para mostrar os resultados do Programa de Ac\u00e7\u00f5es Multilingues e Comunit\u00e1rias (PACMyC) do Minist\u00e9rio da Cultura mexicano, que visa desenvolver a cultura das comunidades e munic\u00edpios, estimulando a participa\u00e7\u00e3o local.<\/p>\n<p>&nbsp;<\/p>\n<p>Haver\u00e1 tamb\u00e9m uma conversa e uma proje\u00e7\u00e3o dos document\u00e1rios no Museu Ra\u00fal Anguiano, que tamb\u00e9m ser\u00e1 transmitida online. Os v\u00eddeos estar\u00e3o dispon\u00edveis nas redes da Circulart durante todo o festival. Durante o workshop, Javier L\u00f3pez, diretor do Mariachi Antiguo de Acatic, ensinar\u00e1 os participantes a conceber um instrumento tradicional utilizado no repert\u00f3rio da m\u00fasica tradicional dos Altos de Jalisco. Neste caso, os participantes far\u00e3o uma tambora.<\/p>\n<p>&nbsp;<\/p>\n<p>Este projeto \u00e9 poss\u00edvel gra\u00e7as ao apoio do Iberm\u00fasicas atrav\u00e9s da sua convocat\u00f3ria \u00abAyudas al Sector Musical en Modalidad Virtual\u00bb edital 2022.<\/p>\n<p>&nbsp;<\/p>\n<p>&nbsp;<\/p>\n<ul>\n<li>Exposi\u00e7\u00e3o Barro con Ch\u00eda no Museu Ra\u00fal Anguiano &#8211; Guadalajara, M\u00e9xico: de 30 de setembro a 12 de novembro<\/li>\n<li>Evento Iberm\u00fasicas\/Circulart com workshop e concerto em tempo real: 28 de outubro<\/li>\n<li>Exposi\u00e7\u00e3o de v\u00eddeos documentais e de concertos durante o Festival Circulart: 8-11 de novembro<\/li>\n<\/ul>\n<p>&nbsp;<\/p>\n<p><a href=\"https:\/\/www.produccionesboreal.com\/\">https:\/\/www.produccionesboreal.com\/<\/a><\/p>\n<p><a href=\"https:\/\/circulart.org\/2023\/\">https:\/\/circulart.org\/2023\/<\/a><\/p>\n<p><a href=\"http:\/\/sic.gob.mx\/ficha.php?table=museo&amp;table_id=306\">http:\/\/sic.gob.mx\/ficha.php?table=museo&amp;table_id=306<\/a><\/p>\n","protected":false},"excerpt":{"rendered":"<p>Mariachi Antiguo de Acatic dedica-se h\u00e1 30 anos ao resgate do repert\u00f3rio de m\u00fasica tradicional dos Altos de Jalisco, que pouco tem a ver com os repert\u00f3rios dos mariachi mais comerciais. Como resultado deste esfor\u00e7o, Javier L\u00f3pez, l\u00edder do Mariachi Antiguo de Acatic, recuperou mais de 100 can\u00e7\u00f5es nativas da regi\u00e3o.\u00a0 Este projeto junta-se aos [&hellip;]<\/p>\n","protected":false},"author":7,"featured_media":17114,"comment_status":"closed","ping_status":"closed","sticky":false,"template":"","format":"standard","meta":{"footnotes":""},"categories":[218],"tags":[],"class_list":["post-17117","post","type-post","status-publish","format-standard","has-post-thumbnail","hentry","category-noticias-generales-pt"],"lang":"pt","translations":{"pt":17117,"es":17113},"pll_sync_post":[],"post_mailing_queue_ids":[],"_links":{"self":[{"href":"http:\/\/staging.ibermusicas.org\/index.php\/wp-json\/wp\/v2\/posts\/17117","targetHints":{"allow":["GET"]}}],"collection":[{"href":"http:\/\/staging.ibermusicas.org\/index.php\/wp-json\/wp\/v2\/posts"}],"about":[{"href":"http:\/\/staging.ibermusicas.org\/index.php\/wp-json\/wp\/v2\/types\/post"}],"author":[{"embeddable":true,"href":"http:\/\/staging.ibermusicas.org\/index.php\/wp-json\/wp\/v2\/users\/7"}],"replies":[{"embeddable":true,"href":"http:\/\/staging.ibermusicas.org\/index.php\/wp-json\/wp\/v2\/comments?post=17117"}],"version-history":[{"count":1,"href":"http:\/\/staging.ibermusicas.org\/index.php\/wp-json\/wp\/v2\/posts\/17117\/revisions"}],"predecessor-version":[{"id":17118,"href":"http:\/\/staging.ibermusicas.org\/index.php\/wp-json\/wp\/v2\/posts\/17117\/revisions\/17118"}],"wp:featuredmedia":[{"embeddable":true,"href":"http:\/\/staging.ibermusicas.org\/index.php\/wp-json\/wp\/v2\/media\/17114"}],"wp:attachment":[{"href":"http:\/\/staging.ibermusicas.org\/index.php\/wp-json\/wp\/v2\/media?parent=17117"}],"wp:term":[{"taxonomy":"category","embeddable":true,"href":"http:\/\/staging.ibermusicas.org\/index.php\/wp-json\/wp\/v2\/categories?post=17117"},{"taxonomy":"post_tag","embeddable":true,"href":"http:\/\/staging.ibermusicas.org\/index.php\/wp-json\/wp\/v2\/tags?post=17117"}],"curies":[{"name":"wp","href":"https:\/\/api.w.org\/{rel}","templated":true}]}}