{"id":17119,"date":"2023-10-11T22:24:55","date_gmt":"2023-10-11T22:24:55","guid":{"rendered":"http:\/\/staging.ibermusicas.org\/?p=17119"},"modified":"2023-11-16T12:56:15","modified_gmt":"2023-11-16T12:56:15","slug":"abi-gonzalez-y-violeta-videla-de-argentina-inician-su-gira-europea-con-presentaciones-en-espana-italia-belgica-y-alemania","status":"publish","type":"post","link":"http:\/\/staging.ibermusicas.org\/index.php\/abi-gonzalez-y-violeta-videla-de-argentina-inician-su-gira-europea-con-presentaciones-en-espana-italia-belgica-y-alemania\/","title":{"rendered":"Abi Gonz\u00e1lez y Violeta Videla de Argentina inician su gira Europea con presentaciones en Espa\u00f1a, Italia, B\u00e9lgica y Alemania"},"content":{"rendered":"<p>Abi Gonz\u00e1lez y Violeta Videla con su propuesta de m\u00fasica de ra\u00edz folcl\u00f3rica, canci\u00f3n y danza llegan a Europa desde Argentina con un andar fluido, liviano, como de viaje, de descubrimiento. Ese andar tienen estas canciones que encontraron a Abi Gonz\u00e1lez y a Violeta Videla en un mismo proyecto. Violeta Videla, oriunda de Venado Tuerto, Santa Fe, y Abi Gonz\u00e1lez, de la localidad bonaerense de Azul, encontraron esta propuesta, tan \u00edntima como din\u00e1mica, con un set que combina varios instrumentos, como viol\u00edn, guitarras, voces y percusiones, y al que suman los colores de la electr\u00f3nica con looperas y efectos.<\/p>\n<p>&nbsp;<\/p>\n<p>El car\u00e1cter de esta propuesta es doble: en uno resuena la est\u00e9tica del g\u00e9nero canci\u00f3n, con un set m\u00e1s moderno y electr\u00f3nico y un trabajo de producci\u00f3n sensible y minucioso, mientras que en el otro resuenan el v\u00e9rtigo y la picard\u00eda de tocar folklore espont\u00e1neamente, versionando obras tradicionales y propias.<\/p>\n<p>&nbsp;<\/p>\n<p>El espect\u00e1culo que ofrecen tiene la novedad de la danza en vivo por parte de ambos protagonistas aprovechando la coincidencia que tanto Abi como Violeta hab\u00edan sido bailarines antes de emprender la carrera de m\u00fasicos profesionales. Sus perfiles art\u00edsticos son distintos y es en esa diversidad que logran convivir tan f\u00e1cilmente: la intensa crudeza interpretativa de Abi y su mirada arregl\u00edstica, con el canto dulce y cuidadoso de Violeta y su destreza violin\u00edstica.<\/p>\n<p>&nbsp;<\/p>\n<p>Abi Gonz\u00e1lez y Violeta Garc\u00eda han sido ganadores de las Ayudas a la Circulaci\u00f3n del Programa Iberm\u00fasicas.<\/p>\n<p>.<\/p>\n<p>&nbsp;<\/p>\n<p>&nbsp;<\/p>\n<ul>\n<li>30 de octubre, 20h: Den Hopsack, Amberes, B\u00e9lgica<\/li>\n<li>3 de noviembre, 19h: El Tesoro Caf\u00e9 Bazar Latino, Frankfurt, Alemania<\/li>\n<li>6 de noviembre, 20h: Tonfink, L\u00fcbeck, Alemania<\/li>\n<li>8 de noviembre, 20h: Barroccio, Lecce, Italia<\/li>\n<li>9 de noviembre, 20h: Fondoverri a Lecce, Lecce, Italia<\/li>\n<li>12 de noviembre, 13h: Lute Bar &amp; Bowls, Barcelona, Espa\u00f1a<\/li>\n<li>17 de noviembre, 19h: Consulado Argentino en Barcelona, Espa\u00f1a<\/li>\n<li>19 de noviembre, 20h: Arca de No\u00e9, Vilar de Santos, Vilar de Santos<\/li>\n<li>22 de noviembre, 20h: Gallo Rojo, Sevilla, Espa\u00f1a<\/li>\n<li>26 de noviembre, 13h: La F\u00e1brica de Hielo, Valencia, Espa\u00f1a<\/li>\n<li>1ero de diciembre, 15h: Concierto de Apertura del Festival Argenfolk, Barcelona, Espa\u00f1a<\/li>\n<li>1ero de diciembre, 18h: Taller de Canto en Ronda, Festival Argenfolk, Barcelona, Espa\u00f1a<\/li>\n<li>2 de diciembre, 12h: Taller de \u00abConocimientos musicales del Folklore Argentino, Festival Argenfolk, Barcelona, Espa\u00f1a<\/li>\n<li>2 de diciembre, 14:30h: Taller de \u00abPolirritmia de la M\u00fasica Latinoamericana\u00bb , Festival Argenfolk, Barcelona, Espa\u00f1a<\/li>\n<li>2 de diciembre, 21h: Pe\u00f1a con m\u00fasica en vivo, Festival Argenfolk, Barcelona, Espa\u00f1a<\/li>\n<\/ul>\n<p>&nbsp;<\/p>\n<p>&nbsp;<\/p>\n<p>https:\/\/linktr.ee\/abigonzalez.violetavidela<\/p>\n","protected":false},"excerpt":{"rendered":"<p>Abi Gonz\u00e1lez y Violeta Videla con su propuesta de m\u00fasica de ra\u00edz folcl\u00f3rica, canci\u00f3n y danza llegan a Europa desde Argentina con un andar fluido, liviano, como de viaje, de descubrimiento. Ese andar tienen estas canciones que encontraron a Abi Gonz\u00e1lez y a Violeta Videla en un mismo proyecto. Violeta Videla, oriunda de Venado Tuerto, [&hellip;]<\/p>\n","protected":false},"author":7,"featured_media":17120,"comment_status":"closed","ping_status":"closed","sticky":false,"template":"","format":"standard","meta":{"footnotes":""},"categories":[53],"tags":[],"class_list":["post-17119","post","type-post","status-publish","format-standard","has-post-thumbnail","hentry","category-noticias-generales"],"lang":"es","translations":{"es":17119,"pt":17122},"pll_sync_post":[],"post_mailing_queue_ids":[],"_links":{"self":[{"href":"http:\/\/staging.ibermusicas.org\/index.php\/wp-json\/wp\/v2\/posts\/17119","targetHints":{"allow":["GET"]}}],"collection":[{"href":"http:\/\/staging.ibermusicas.org\/index.php\/wp-json\/wp\/v2\/posts"}],"about":[{"href":"http:\/\/staging.ibermusicas.org\/index.php\/wp-json\/wp\/v2\/types\/post"}],"author":[{"embeddable":true,"href":"http:\/\/staging.ibermusicas.org\/index.php\/wp-json\/wp\/v2\/users\/7"}],"replies":[{"embeddable":true,"href":"http:\/\/staging.ibermusicas.org\/index.php\/wp-json\/wp\/v2\/comments?post=17119"}],"version-history":[{"count":1,"href":"http:\/\/staging.ibermusicas.org\/index.php\/wp-json\/wp\/v2\/posts\/17119\/revisions"}],"predecessor-version":[{"id":17121,"href":"http:\/\/staging.ibermusicas.org\/index.php\/wp-json\/wp\/v2\/posts\/17119\/revisions\/17121"}],"wp:featuredmedia":[{"embeddable":true,"href":"http:\/\/staging.ibermusicas.org\/index.php\/wp-json\/wp\/v2\/media\/17120"}],"wp:attachment":[{"href":"http:\/\/staging.ibermusicas.org\/index.php\/wp-json\/wp\/v2\/media?parent=17119"}],"wp:term":[{"taxonomy":"category","embeddable":true,"href":"http:\/\/staging.ibermusicas.org\/index.php\/wp-json\/wp\/v2\/categories?post=17119"},{"taxonomy":"post_tag","embeddable":true,"href":"http:\/\/staging.ibermusicas.org\/index.php\/wp-json\/wp\/v2\/tags?post=17119"}],"curies":[{"name":"wp","href":"https:\/\/api.w.org\/{rel}","templated":true}]}}