{"id":17122,"date":"2023-10-11T22:27:10","date_gmt":"2023-10-11T22:27:10","guid":{"rendered":"http:\/\/staging.ibermusicas.org\/?p=17122"},"modified":"2023-11-16T12:59:48","modified_gmt":"2023-11-16T12:59:48","slug":"abi-gonzalez-e-violeta-videla-da-argentina-iniciam-a-sua-digressao-europeia-com-actuacoes-em-espanha-italia-belgica-e-alemanha","status":"publish","type":"post","link":"http:\/\/staging.ibermusicas.org\/index.php\/abi-gonzalez-e-violeta-videla-da-argentina-iniciam-a-sua-digressao-europeia-com-actuacoes-em-espanha-italia-belgica-e-alemanha\/","title":{"rendered":"Abi Gonz\u00e1lez e Violeta Videla, da Argentina, iniciam a sua digress\u00e3o europeia com actua\u00e7\u00f5es em Espanha, It\u00e1lia, B\u00e9lgica e Alemanha"},"content":{"rendered":"<p>Abi Gonz\u00e1lez e Violeta Videla com a sua m\u00fasica, canto e dan\u00e7a folcl\u00f3rica chegam a Europa da Argentina com um andar fluido e leve, como uma viagem de descoberta. Foi assim que estas can\u00e7\u00f5es encontraram Abi Gonz\u00e1lez e Violeta Videla no mesmo projeto. Violeta Videla, natural de Venado Tuerto, Santa Fe, e Abi Gonz\u00e1lez, da localidade portenha de Azul, encontraram esta proposta, t\u00e3o \u00edntima como din\u00e2mica, com um conjunto que combina v\u00e1rios instrumentos, como violino, guitarras, vozes e percuss\u00e3o, e ao qual acrescentam as cores da eletr\u00f3nica com looperas e efeitos.<\/p>\n<p>&nbsp;<\/p>\n<p>O car\u00e1cter desta proposta \u00e9 duplo: num deles ressoa a est\u00e9tica do g\u00eanero can\u00e7\u00e3o, com um conjunto mais moderno e eletr\u00f3nico e um trabalho de produ\u00e7\u00e3o sens\u00edvel e meticuloso, enquanto no outro ressoa a vertigem e a mal\u00edcia de tocar m\u00fasica popular de forma espont\u00e2nea, abrangendo obras tradicionais e pr\u00f3prias.<\/p>\n<p>&nbsp;<\/p>\n<p>O espet\u00e1culo que oferecem tem como novidade a dan\u00e7a ao vivo de ambos os protagonistas, aproveitando a coincid\u00eancia de tanto Abi como Violeta terem sido dan\u00e7arinos antes de enveredar por carreiras como m\u00fasicos profissionais. Os seus perfis art\u00edsticos s\u00e3o diferentes e \u00e9 nesta diversidade que conseguem coexistir t\u00e3o facilmente: a intensa crueza interpretativa de Abi e o seu olho arranjador, com o canto doce e cuidadoso de Violeta e os seus dotes de violino.<\/p>\n<p>&nbsp;<\/p>\n<p>Abi Gonz\u00e1lez e Violeta Garc\u00eda foram galardoados com as Ajudas \u00e0 Circula\u00e7\u00e3o do Programa Iberm\u00fasicas.<\/p>\n<p>&nbsp;<\/p>\n<ul>\n<li>30 de outubro, 20h: Den Hopsack, Antu\u00e9rpia, B\u00e9lgica<\/li>\n<li>3 de novembro, 19h: El Tesoro Caf\u00e9 Bazar Latino, Frankfurt, Alemanha<\/li>\n<li>6 de novembro, 20h: Tonfink, L\u00fcbeck, Alemanha<\/li>\n<li>8 de novembro, 20h: Barroccio, Lecce, It\u00e1lia<\/li>\n<li>9 de novembro, 20h: Fondoverri a Lecce, Lecce, It\u00e1lia<\/li>\n<li>12 de novembro, 13h: Lute Bar &amp; Bowls, Barcelona, Espanha<\/li>\n<li>17 de novembro, 19h: Consulado argentino em Barcelona, Espanha<\/li>\n<li>19 de novembro, 20h: Arca de No\u00e9, Vilar de Santos, Vilar de Santos, Vilar de Santos, Espanha<\/li>\n<li>22 de novembro, 20h: Gallo Rojo, Sevilha, Espanha<\/li>\n<li>26 de novembro, 13h: La F\u00e1brica de Hielo, Val\u00eancia, Espanha<\/li>\n<li>1 de dezembro, 15: Concerto de abertura do Festival Argenfolk, Barcelona, Espanha<\/li>\n<li>1 de dezembro, 18h: Oficina de Canto em Roda, Festival Argenfolk, Barcelona, Espanha<\/li>\n<li>2 de dezembro, 12h: Oficina sobre \u00abConhecimento Musical do Folclore Argentino, Festival Argenfolk, Barcelona, Espanha<\/li>\n<li>2 de dezembro, 14:30h: Oficina sobre \u00abPolirritmos da m\u00fasica latino-americana\u00bb, Festival Argenfolk, Barcelona, Espanha. Festival Argenfolk, Barcelona, Espanha<\/li>\n<li>2 de dezembro, 21h: Pe\u00f1a com m\u00fasica ao vivo, Festival Argenfolk, Barcelona, Espanha<\/li>\n<\/ul>\n<p>&nbsp;<\/p>\n<p><a href=\"https:\/\/linktr.ee\/abigonzalez.violetavidela\">https:\/\/linktr.ee\/abigonzalez.violetavidela<\/a><\/p>\n","protected":false},"excerpt":{"rendered":"<p>Abi Gonz\u00e1lez e Violeta Videla com a sua m\u00fasica, canto e dan\u00e7a folcl\u00f3rica chegam a Europa da Argentina com um andar fluido e leve, como uma viagem de descoberta. Foi assim que estas can\u00e7\u00f5es encontraram Abi Gonz\u00e1lez e Violeta Videla no mesmo projeto. Violeta Videla, natural de Venado Tuerto, Santa Fe, e Abi Gonz\u00e1lez, da [&hellip;]<\/p>\n","protected":false},"author":7,"featured_media":17120,"comment_status":"closed","ping_status":"closed","sticky":false,"template":"","format":"standard","meta":{"footnotes":""},"categories":[218],"tags":[],"class_list":["post-17122","post","type-post","status-publish","format-standard","has-post-thumbnail","hentry","category-noticias-generales-pt"],"lang":"pt","translations":{"pt":17122,"es":17119},"pll_sync_post":[],"post_mailing_queue_ids":[],"_links":{"self":[{"href":"http:\/\/staging.ibermusicas.org\/index.php\/wp-json\/wp\/v2\/posts\/17122","targetHints":{"allow":["GET"]}}],"collection":[{"href":"http:\/\/staging.ibermusicas.org\/index.php\/wp-json\/wp\/v2\/posts"}],"about":[{"href":"http:\/\/staging.ibermusicas.org\/index.php\/wp-json\/wp\/v2\/types\/post"}],"author":[{"embeddable":true,"href":"http:\/\/staging.ibermusicas.org\/index.php\/wp-json\/wp\/v2\/users\/7"}],"replies":[{"embeddable":true,"href":"http:\/\/staging.ibermusicas.org\/index.php\/wp-json\/wp\/v2\/comments?post=17122"}],"version-history":[{"count":1,"href":"http:\/\/staging.ibermusicas.org\/index.php\/wp-json\/wp\/v2\/posts\/17122\/revisions"}],"predecessor-version":[{"id":17123,"href":"http:\/\/staging.ibermusicas.org\/index.php\/wp-json\/wp\/v2\/posts\/17122\/revisions\/17123"}],"wp:featuredmedia":[{"embeddable":true,"href":"http:\/\/staging.ibermusicas.org\/index.php\/wp-json\/wp\/v2\/media\/17120"}],"wp:attachment":[{"href":"http:\/\/staging.ibermusicas.org\/index.php\/wp-json\/wp\/v2\/media?parent=17122"}],"wp:term":[{"taxonomy":"category","embeddable":true,"href":"http:\/\/staging.ibermusicas.org\/index.php\/wp-json\/wp\/v2\/categories?post=17122"},{"taxonomy":"post_tag","embeddable":true,"href":"http:\/\/staging.ibermusicas.org\/index.php\/wp-json\/wp\/v2\/tags?post=17122"}],"curies":[{"name":"wp","href":"https:\/\/api.w.org\/{rel}","templated":true}]}}