{"id":17127,"date":"2023-10-11T22:36:21","date_gmt":"2023-10-11T22:36:21","guid":{"rendered":"http:\/\/staging.ibermusicas.org\/?p=17127"},"modified":"2023-10-30T14:09:03","modified_gmt":"2023-10-30T14:09:03","slug":"a-associacao-panamiana-de-guitarra-convida-para-o-viii-concurso-internacional-de-interpretacao-de-obras-novas","status":"publish","type":"post","link":"http:\/\/staging.ibermusicas.org\/index.php\/a-associacao-panamiana-de-guitarra-convida-para-o-viii-concurso-internacional-de-interpretacao-de-obras-novas\/","title":{"rendered":"A Associa\u00e7\u00e3o Panamiana de Guitarra convida para o VIII Concurso Internacional de Interpreta\u00e7\u00e3o de Obras Novas"},"content":{"rendered":"<p>Neste caso, a obra \u00abDiosas\u00bb da guitarrista e compositora espanhola Carmen Mar\u00eda Ros \u00e9 apresentada para um pr\u00e9mio de 500 USD. O concurso est\u00e1 aberto a todos os guitarristas sem restri\u00e7\u00f5es de idade ou nacionalidade.<\/p>\n<p>&nbsp;<\/p>\n<p>O j\u00fari ser\u00e1 constitu\u00eddo por Carmen Mar\u00eda Ros (Espanha), Fernando Cornejo (M\u00e9xico), Nadia Borislova (R\u00fassia\/M\u00e9xico), Miguel \u00c1lvarez V\u00e1squez (Chile) e Emiliano Pardo-Trist\u00e1n (Panam\u00e1).<\/p>\n<p>&nbsp;<\/p>\n<p>Para participar, enviar o link do YouTube de um v\u00eddeo (n\u00e3o editado), interpretando, de mem\u00f3ria ou lendo, Gea (primeiro andamento e Artemis (segundo andamento) de \u00abDiosas\u00bb, de Carmen Mar\u00eda Ros.<\/p>\n<p>&nbsp;<\/p>\n<p>O prazo para a apresenta\u00e7\u00e3o do v\u00eddeo termina no domingo, 3 de dezembro de 2023. O pr\u00e9mio ser\u00e1 anunciado no domingo 10 de dezembro de 2023. O vencedor dar\u00e1 um pequeno concerto pr\u00e9-gravado no s\u00e1bado, 16 de dezembro, incluindo a pe\u00e7a a concurso e um repert\u00f3rio de livre escolha.<\/p>\n<p>&nbsp;<\/p>\n<p>Este projeto \u00e9 apoiado pelo Programa Iberm\u00fasicas atrav\u00e9s das suas ajudas ao Sector Musical em Modalidade Virtual.<\/p>\n<p>&nbsp;<\/p>\n<p>Mais informa\u00e7\u00f5es em: <a href=\"mailto:epardo@temple.edu\">epardo@temple.edu<\/a><\/p>\n","protected":false},"excerpt":{"rendered":"<p>Neste caso, a obra \u00abDiosas\u00bb da guitarrista e compositora espanhola Carmen Mar\u00eda Ros \u00e9 apresentada para um pr\u00e9mio de 500 USD. O concurso est\u00e1 aberto a todos os guitarristas sem restri\u00e7\u00f5es de idade ou nacionalidade. &nbsp; O j\u00fari ser\u00e1 constitu\u00eddo por Carmen Mar\u00eda Ros (Espanha), Fernando Cornejo (M\u00e9xico), Nadia Borislova (R\u00fassia\/M\u00e9xico), Miguel \u00c1lvarez V\u00e1squez (Chile) [&hellip;]<\/p>\n","protected":false},"author":7,"featured_media":17126,"comment_status":"closed","ping_status":"closed","sticky":false,"template":"","format":"standard","meta":{"footnotes":""},"categories":[218],"tags":[],"class_list":["post-17127","post","type-post","status-publish","format-standard","has-post-thumbnail","hentry","category-noticias-generales-pt"],"lang":"pt","translations":{"pt":17127,"es":17124},"pll_sync_post":[],"post_mailing_queue_ids":[],"_links":{"self":[{"href":"http:\/\/staging.ibermusicas.org\/index.php\/wp-json\/wp\/v2\/posts\/17127","targetHints":{"allow":["GET"]}}],"collection":[{"href":"http:\/\/staging.ibermusicas.org\/index.php\/wp-json\/wp\/v2\/posts"}],"about":[{"href":"http:\/\/staging.ibermusicas.org\/index.php\/wp-json\/wp\/v2\/types\/post"}],"author":[{"embeddable":true,"href":"http:\/\/staging.ibermusicas.org\/index.php\/wp-json\/wp\/v2\/users\/7"}],"replies":[{"embeddable":true,"href":"http:\/\/staging.ibermusicas.org\/index.php\/wp-json\/wp\/v2\/comments?post=17127"}],"version-history":[{"count":1,"href":"http:\/\/staging.ibermusicas.org\/index.php\/wp-json\/wp\/v2\/posts\/17127\/revisions"}],"predecessor-version":[{"id":17128,"href":"http:\/\/staging.ibermusicas.org\/index.php\/wp-json\/wp\/v2\/posts\/17127\/revisions\/17128"}],"wp:featuredmedia":[{"embeddable":true,"href":"http:\/\/staging.ibermusicas.org\/index.php\/wp-json\/wp\/v2\/media\/17126"}],"wp:attachment":[{"href":"http:\/\/staging.ibermusicas.org\/index.php\/wp-json\/wp\/v2\/media?parent=17127"}],"wp:term":[{"taxonomy":"category","embeddable":true,"href":"http:\/\/staging.ibermusicas.org\/index.php\/wp-json\/wp\/v2\/categories?post=17127"},{"taxonomy":"post_tag","embeddable":true,"href":"http:\/\/staging.ibermusicas.org\/index.php\/wp-json\/wp\/v2\/tags?post=17127"}],"curies":[{"name":"wp","href":"https:\/\/api.w.org\/{rel}","templated":true}]}}