{"id":17153,"date":"2023-10-30T14:46:34","date_gmt":"2023-10-30T14:46:34","guid":{"rendered":"http:\/\/staging.ibermusicas.org\/?p=17153"},"modified":"2023-11-16T12:56:08","modified_gmt":"2023-11-16T12:56:08","slug":"la-agrupacion-ecuatoriana-humazapas-realizara-una-gira-por-escenarios-de-mexico","status":"publish","type":"post","link":"http:\/\/staging.ibermusicas.org\/index.php\/la-agrupacion-ecuatoriana-humazapas-realizara-una-gira-por-escenarios-de-mexico\/","title":{"rendered":"La agrupaci\u00f3n ecuatoriana Humazapas realizar\u00e1 una gira por escenarios de M\u00e9xico"},"content":{"rendered":"<p>Llenos de magia y ritualidad llega Humazapas, una propuesta que desde los Andes de Ecuador articula las sonoridades ancestrales y lo contempor\u00e1neo en un ensamble de m\u00fasica, poes\u00eda, danza, vestuario y visuales, para contar historias cotidianas que se vuelven universales gracias a la potencia de sus obras.<\/p>\n<p>&nbsp;<\/p>\n<p>Humazapas nace en Cotacachi, provincia de Imbabura, y es all\u00ed donde crean un puente que une los saberes y tradiciones de las comunidades, con las nuevas generaciones. Su m\u00fasica conecta con la tierra, la naturaleza y el v\u00ednculo que los une a estos elementos desde el ejercicio art\u00edstico.<\/p>\n<p>&nbsp;<\/p>\n<p>El proyecto est\u00e1 conformado por nueve m\u00fasicos y cuatro bailarinas que han sostenido un proceso de investigaci\u00f3n y creaci\u00f3n colectiva de 10 a\u00f1os. Hoy, este equipo materializa todo este esfuerzo en el lanzamiento de \u201cChichu Burru\u201d, el primer sencillo que se desprende de su pr\u00f3ximo \u00e1lbum \u201cSara Mama &#8211; La m\u00fasica del Ma\u00edz\u201d, \u00e1lbum consolida 10 a\u00f1os de investigaci\u00f3n y ejercicio de pr\u00e1cticas culturales innovadoras ancladas en cimientos comunitarios. Las m\u00fasicas que lo integran nacen de los rituales que el pueblo kichwa practica durante el cultivo del ma\u00edz, \u201cSara Mama\u201d en kichwa, est\u00e1n ordenados cronol\u00f3gicamente desde la m\u00fasica de preparaci\u00f3n de la tierra, germinaci\u00f3n, nacimiento, ofrecimiento, \u00e9poca de granos tiernos hasta la cosecha el ma\u00edz.<\/p>\n<p>&nbsp;<\/p>\n<p>La palabra \u201cHumazapas\u201d traducida al espa\u00f1ol signica cabezones, despeinados o personas de abundante conocimiento y sabidur\u00eda.<\/p>\n<p>&nbsp;<\/p>\n<p>Gracias a los fondos para la movilidad otorgados por Iberm\u00fasicas, realizar\u00e1n el Tour Sara Mama en la ciudad de M\u00e9xico.<\/p>\n<p>&nbsp;<\/p>\n<ul>\n<li>1 de noviembre: Alcald\u00eda de Xochimilco, M\u00e9xico<\/li>\n<li>2 de noviembre: Festival del D\u00eda de Muertos del Barco Utop\u00eda, M\u00e9xico<\/li>\n<li>4 de noviembre: Fiesta Kichwa, Fonoteca Eduardo Mata, Oaxaca, M\u00e9xico<\/li>\n<\/ul>\n<p>&nbsp;<\/p>\n","protected":false},"excerpt":{"rendered":"<p>Llenos de magia y ritualidad llega Humazapas, una propuesta que desde los Andes de Ecuador articula las sonoridades ancestrales y lo contempor\u00e1neo en un ensamble de m\u00fasica, poes\u00eda, danza, vestuario y visuales, para contar historias cotidianas que se vuelven universales gracias a la potencia de sus obras. &nbsp; Humazapas nace en Cotacachi, provincia de Imbabura, [&hellip;]<\/p>\n","protected":false},"author":7,"featured_media":17154,"comment_status":"closed","ping_status":"closed","sticky":false,"template":"","format":"standard","meta":{"footnotes":""},"categories":[53],"tags":[],"class_list":["post-17153","post","type-post","status-publish","format-standard","has-post-thumbnail","hentry","category-noticias-generales"],"lang":"es","translations":{"es":17153,"pt":17156},"pll_sync_post":[],"post_mailing_queue_ids":[],"_links":{"self":[{"href":"http:\/\/staging.ibermusicas.org\/index.php\/wp-json\/wp\/v2\/posts\/17153","targetHints":{"allow":["GET"]}}],"collection":[{"href":"http:\/\/staging.ibermusicas.org\/index.php\/wp-json\/wp\/v2\/posts"}],"about":[{"href":"http:\/\/staging.ibermusicas.org\/index.php\/wp-json\/wp\/v2\/types\/post"}],"author":[{"embeddable":true,"href":"http:\/\/staging.ibermusicas.org\/index.php\/wp-json\/wp\/v2\/users\/7"}],"replies":[{"embeddable":true,"href":"http:\/\/staging.ibermusicas.org\/index.php\/wp-json\/wp\/v2\/comments?post=17153"}],"version-history":[{"count":1,"href":"http:\/\/staging.ibermusicas.org\/index.php\/wp-json\/wp\/v2\/posts\/17153\/revisions"}],"predecessor-version":[{"id":17155,"href":"http:\/\/staging.ibermusicas.org\/index.php\/wp-json\/wp\/v2\/posts\/17153\/revisions\/17155"}],"wp:featuredmedia":[{"embeddable":true,"href":"http:\/\/staging.ibermusicas.org\/index.php\/wp-json\/wp\/v2\/media\/17154"}],"wp:attachment":[{"href":"http:\/\/staging.ibermusicas.org\/index.php\/wp-json\/wp\/v2\/media?parent=17153"}],"wp:term":[{"taxonomy":"category","embeddable":true,"href":"http:\/\/staging.ibermusicas.org\/index.php\/wp-json\/wp\/v2\/categories?post=17153"},{"taxonomy":"post_tag","embeddable":true,"href":"http:\/\/staging.ibermusicas.org\/index.php\/wp-json\/wp\/v2\/tags?post=17153"}],"curies":[{"name":"wp","href":"https:\/\/api.w.org\/{rel}","templated":true}]}}