{"id":17159,"date":"2023-10-30T18:19:47","date_gmt":"2023-10-30T18:19:47","guid":{"rendered":"http:\/\/staging.ibermusicas.org\/?p=17159"},"modified":"2023-11-16T12:56:02","modified_gmt":"2023-11-16T12:56:02","slug":"el-maestro-francisco-varela-presenta-su-trabajo-monografico-sobre-la-obra-de-eduardo-grau","status":"publish","type":"post","link":"http:\/\/staging.ibermusicas.org\/index.php\/el-maestro-francisco-varela-presenta-su-trabajo-monografico-sobre-la-obra-de-eduardo-grau\/","title":{"rendered":"El Maestro Francisco Varela presenta su trabajo monogr\u00e1fico sobre la obra de Eduardo Grau"},"content":{"rendered":"<p>Con un equipo internacional, el nuevo disco publicado por el sello discogr\u00e1fico Naxos aborda la obra de Eduardo Grau en un importante acercamiento al repertorio del compositor espa\u00f1ol que desarroll\u00f3 su carrera en la Argentina.<\/p>\n<p>&nbsp;<\/p>\n<p>Fabio Banegas (piano), de Argentina-Estados Unidos; Francisco Varela (direcci\u00f3n), de Argentina; Simon Reitmaier (clarinete), de Austria; Jana Jarkovsk\u00e1 (flauta), de Rep\u00fablica Checa; Miklos Zsitha (timbales), de Hungr\u00eda; Ana Mar\u00eda Valderrama (viol\u00edn) y David Fons (viola) de Espa\u00f1a, junto a la Orquesta de C\u00e1mara Anima Musicae se reunieron en el Pannonia Studio de Budapest para registrar un \u00e1lbum con la primera grabaci\u00f3n mundial de cuatro obras in\u00e9ditas de Eduardo Grau.<\/p>\n<p>&nbsp;<\/p>\n<p>Francisco Varela, director art\u00edstico de la grabaci\u00f3n, con el Mtro. Guillermo Scarabino \u2014colaborador de Eduardo Grau durante su residencia en Mendoza\u2014 y los music\u00f3logos Nilda Vineis y Juli\u00e1n Mosca, del Instituto de Investigaci\u00f3n Musicol\u00f3gica Carlos Vega donde se resguarda la producci\u00f3n de Grau, presentan este novedoso material con el objetivo de redescubrir y poner en valor la figura del compositor.<\/p>\n<p>&nbsp;<\/p>\n<p>Eduardo Federico Guillermo Grau naci\u00f3 en Barcelona, Espa\u00f1a, el 7 de marzo de 1919. A los ocho a\u00f1os se radic\u00f3 con sus padres en Buenos Aires, Argentina, y se dedic\u00f3 a estudiar m\u00fasica. Muy joven, envi\u00f3 sus primeras composiciones a Manuel de Falla, que le hizo la siguiente devoluci\u00f3n: \u00abdeje que el aire pase por la m\u00fasica\u00bb. Y ese aire, al pasar por su obra, le imprimi\u00f3 el sello marcadamente hispano y profundamente religioso que la caracteriza. En 1948 se estableci\u00f3 en Mendoza y se aboc\u00f3 fundamentalmente a la investigaci\u00f3n y a la ense\u00f1anza en el Conservatorio de M\u00fasica y Arte Esc\u00e9nico de la Universidad Nacional de Cuyo que m\u00e1s tarde ser\u00eda la Escuela Superior de M\u00fasica. Sus obras abarcan una amplia gama de g\u00e9neros: m\u00fasica incidental, orquestal, de c\u00e1mara, coral y para instrumento solo, adem\u00e1s de unos pocos arreglos y orquestaciones de obras de otros compositores. Grau fue tambi\u00e9n un prol\u00edfico y apreciado poeta. En 2002 se radic\u00f3 en Adrogu\u00e9, Buenos Aires, donde falleci\u00f3 el 4 de enero de 2006. Gran parte de su producci\u00f3n ha sido donada por sus herederos y forma parte del patrimonio del Instituto de Investigaci\u00f3n Musicol\u00f3gica Carlos Vega de la Universidad Cat\u00f3lica Argentina) cuyos miembros se han ocupado de catalogarla y digitalizarla. Dicho cat\u00e1logo, al igual que la n\u00f3mina de los materiales de investigaci\u00f3n obrantes en el mencionado Instituto (colecciones, libros, partituras, documentos, etc.), puede consultarse en el sitio www.iimcv.org.<\/p>\n<p>&nbsp;<\/p>\n<p>Francisco Varela, director, compositor y programador musical, ha comprometido su trabajo con la ampliaci\u00f3n del repertorio tradicional y la transformaci\u00f3n de las orquestas de la regi\u00f3n para enfrentar los desaf\u00edos del siglo XXI. Recibi\u00f3 numerosos premios y becas, se gradu\u00f3 con honores de la Universidad Cat\u00f3lica Argentina (UCA) y obtuvo una Maestr\u00eda en Direcci\u00f3n Orquestal de la Pennsylvania State University en los Estados Unidos. Sus mentores fueron Guillermo Scarabino, Gerardo Edelstein, Marta Lambertini, Julio Viera y Pablo Cetta. Adem\u00e1s, ha realizado perfeccionamientos con Marin Alsop, Harold Farbermann, Charles Dutoit, Pedro Calder\u00f3n, Jordi Mora y Gerardo Gandini, entre otros. Sus grabaciones incluyen las Variaciones y Poemas Sinf\u00f3nicos de Cesar Franck con Fabio Banegas (piano) y la Orquesta Filarm\u00f3nica Nacional de Ucrania en Lviv para el sello Guild Music (UK) y la primera grabaci\u00f3n de obras del compositor hispano-argentino Eduardo Grau (1919-2006) con la Orquesta de C\u00e1mara Anima Musicae (Hungr\u00eda) para el sello Naxos Music Group. La m\u00fasica de Francisco Varela ha sido publicada por la Editorial Melos y abarca principalmente m\u00fasica instrumental, desde obras de c\u00e1mara hasta obras sinf\u00f3nicas. Como director invitado frecuente, Francisco Varela aprovecha estas oportunidades para presentar obras nuevas, olvidadas y encargos del rico y \u00fanico legado musical de su Argentina natal y Am\u00e9rica Latina.<\/p>\n<p>&nbsp;<\/p>\n<p>Jueves 2 de noviembre, 18h, Auditorio Mercedes Sosa del Centro Cultural Borges, Viamonte 525, tercer piso. Ciudad de Buenos Aires<\/p>\n","protected":false},"excerpt":{"rendered":"<p>Con un equipo internacional, el nuevo disco publicado por el sello discogr\u00e1fico Naxos aborda la obra de Eduardo Grau en un importante acercamiento al repertorio del compositor espa\u00f1ol que desarroll\u00f3 su carrera en la Argentina. &nbsp; Fabio Banegas (piano), de Argentina-Estados Unidos; Francisco Varela (direcci\u00f3n), de Argentina; Simon Reitmaier (clarinete), de Austria; Jana Jarkovsk\u00e1 (flauta), [&hellip;]<\/p>\n","protected":false},"author":7,"featured_media":17160,"comment_status":"closed","ping_status":"closed","sticky":false,"template":"","format":"standard","meta":{"footnotes":""},"categories":[53],"tags":[],"class_list":["post-17159","post","type-post","status-publish","format-standard","has-post-thumbnail","hentry","category-noticias-generales"],"lang":"es","translations":{"es":17159,"pt":17162},"pll_sync_post":[],"post_mailing_queue_ids":[],"_links":{"self":[{"href":"http:\/\/staging.ibermusicas.org\/index.php\/wp-json\/wp\/v2\/posts\/17159","targetHints":{"allow":["GET"]}}],"collection":[{"href":"http:\/\/staging.ibermusicas.org\/index.php\/wp-json\/wp\/v2\/posts"}],"about":[{"href":"http:\/\/staging.ibermusicas.org\/index.php\/wp-json\/wp\/v2\/types\/post"}],"author":[{"embeddable":true,"href":"http:\/\/staging.ibermusicas.org\/index.php\/wp-json\/wp\/v2\/users\/7"}],"replies":[{"embeddable":true,"href":"http:\/\/staging.ibermusicas.org\/index.php\/wp-json\/wp\/v2\/comments?post=17159"}],"version-history":[{"count":1,"href":"http:\/\/staging.ibermusicas.org\/index.php\/wp-json\/wp\/v2\/posts\/17159\/revisions"}],"predecessor-version":[{"id":17161,"href":"http:\/\/staging.ibermusicas.org\/index.php\/wp-json\/wp\/v2\/posts\/17159\/revisions\/17161"}],"wp:featuredmedia":[{"embeddable":true,"href":"http:\/\/staging.ibermusicas.org\/index.php\/wp-json\/wp\/v2\/media\/17160"}],"wp:attachment":[{"href":"http:\/\/staging.ibermusicas.org\/index.php\/wp-json\/wp\/v2\/media?parent=17159"}],"wp:term":[{"taxonomy":"category","embeddable":true,"href":"http:\/\/staging.ibermusicas.org\/index.php\/wp-json\/wp\/v2\/categories?post=17159"},{"taxonomy":"post_tag","embeddable":true,"href":"http:\/\/staging.ibermusicas.org\/index.php\/wp-json\/wp\/v2\/tags?post=17159"}],"curies":[{"name":"wp","href":"https:\/\/api.w.org\/{rel}","templated":true}]}}