{"id":17167,"date":"2023-10-30T18:24:16","date_gmt":"2023-10-30T18:24:16","guid":{"rendered":"http:\/\/staging.ibermusicas.org\/?p=17167"},"modified":"2023-11-16T12:59:31","modified_gmt":"2023-11-16T12:59:31","slug":"o-compositor-mexicano-eusebio-sanchez-apresenta-o-seu-projeto-a-q-uatico-2","status":"publish","type":"post","link":"http:\/\/staging.ibermusicas.org\/index.php\/o-compositor-mexicano-eusebio-sanchez-apresenta-o-seu-projeto-a-q-uatico-2\/","title":{"rendered":"O compositor mexicano Eusebio S\u00e1nchez apresenta o seu projeto a-Q-u\u00e1tico"},"content":{"rendered":"<p>O concerto\/instala\u00e7\u00e3o a-Q-u\u00e1tico \u00e9 um recital de uma hora de dura\u00e7\u00e3o em que a mat\u00e9ria-prima da cria\u00e7\u00e3o sonora \u00e9 a \u00e1gua. A \u00e1gua como meio de cria\u00e7\u00e3o \u00e9 explorada atrav\u00e9s de tecnologias como a amplifica\u00e7\u00e3o, programa\u00e7\u00e3o, hidrofones e eletr\u00f3nica em tempo real.<\/p>\n<p>&nbsp;<\/p>\n<p>A \u00e1gua \u00e9 a for\u00e7a motriz de toda a natureza. A m\u00fasica &#8211; e as artes &#8211; s\u00e3o conhecidas por imitar ou representar a natureza. Na m\u00fasica ocidental h\u00e1 exemplos claros de obras cujo universo est\u00e9tico foi moldado pela tentativa de captar a realidade dos elementos naturais nas melodias. Hoje, a barreira quase inexistente entre a m\u00fasica e a arte sonora permite utilizar os elementos n\u00e3o como motivo, mas como mat\u00e9ria-prima do discurso c\u00e9nico.<\/p>\n<p>&nbsp;<\/p>\n<p>O objeto de estudo inclui obras do compositor espanhol Jos\u00e9 Luis Tor\u00e1 (Declarar la corte\u00e7a de la letra, 2013), do compositor chin\u00eas-americano Tan Dun (Water music), uma encomenda para Marimbas Pet da compositora de Monterrey Valeria Rub\u00ed, bem como uma instala\u00e7\u00e3o sonora e improvisa\u00e7\u00e3o com ta\u00e7as de \u00e1gua e hidrofones do percussionista Eusebio S\u00e1nchez. Atrav\u00e9s desta performance e arte sonora, o objetivo \u00e9 refletir sobre as actuais condi\u00e7\u00f5es sociais e pol\u00edticas no estado de Nuevo Le\u00f3n (e do norte do pa\u00eds) no que diz respeito \u00e0 situa\u00e7\u00e3o da \u00e1gua.<\/p>\n<p>&nbsp;<\/p>\n<p>Este interc\u00e2mbio cultural pretende ser levado a cabo atrav\u00e9s da rela\u00e7\u00e3o entre o artista Eusebio S\u00e1nchez e a Universidade de Barcelona, com o objetivo de sensibilizar para a utiliza\u00e7\u00e3o deste recurso natural &#8211; a \u00e1gua &#8211; que nos diz respeito a todos.<\/p>\n<p>&nbsp;<\/p>\n<p>O projeto de Eusebio S\u00e1nchez foi premiado pelo Programa Iberm\u00fasicas na sua linha de Ajudas ao Sector Musical Modalidade Virtual.<\/p>\n<p>&nbsp;<\/p>\n<p>2 de novembro, 20h: Sess\u00e3o virtual com Patricio Coronado, artista e diretor da editora discogr\u00e1fica Transitory Tapes<\/p>\n<p><a href=\"http:\/\/www.facebook.com\/eusebiosanchezmusic\">www.facebook.com\/eusebiosanchezmusic<\/a><\/p>\n","protected":false},"excerpt":{"rendered":"<p>O concerto\/instala\u00e7\u00e3o a-Q-u\u00e1tico \u00e9 um recital de uma hora de dura\u00e7\u00e3o em que a mat\u00e9ria-prima da cria\u00e7\u00e3o sonora \u00e9 a \u00e1gua. A \u00e1gua como meio de cria\u00e7\u00e3o \u00e9 explorada atrav\u00e9s de tecnologias como a amplifica\u00e7\u00e3o, programa\u00e7\u00e3o, hidrofones e eletr\u00f3nica em tempo real. &nbsp; A \u00e1gua \u00e9 a for\u00e7a motriz de toda a natureza. A m\u00fasica [&hellip;]<\/p>\n","protected":false},"author":7,"featured_media":17089,"comment_status":"closed","ping_status":"closed","sticky":false,"template":"","format":"standard","meta":{"footnotes":""},"categories":[218],"tags":[],"class_list":["post-17167","post","type-post","status-publish","format-standard","has-post-thumbnail","hentry","category-noticias-generales-pt"],"lang":"pt","translations":{"pt":17167,"es":17164},"pll_sync_post":[],"post_mailing_queue_ids":[],"_links":{"self":[{"href":"http:\/\/staging.ibermusicas.org\/index.php\/wp-json\/wp\/v2\/posts\/17167","targetHints":{"allow":["GET"]}}],"collection":[{"href":"http:\/\/staging.ibermusicas.org\/index.php\/wp-json\/wp\/v2\/posts"}],"about":[{"href":"http:\/\/staging.ibermusicas.org\/index.php\/wp-json\/wp\/v2\/types\/post"}],"author":[{"embeddable":true,"href":"http:\/\/staging.ibermusicas.org\/index.php\/wp-json\/wp\/v2\/users\/7"}],"replies":[{"embeddable":true,"href":"http:\/\/staging.ibermusicas.org\/index.php\/wp-json\/wp\/v2\/comments?post=17167"}],"version-history":[{"count":1,"href":"http:\/\/staging.ibermusicas.org\/index.php\/wp-json\/wp\/v2\/posts\/17167\/revisions"}],"predecessor-version":[{"id":17168,"href":"http:\/\/staging.ibermusicas.org\/index.php\/wp-json\/wp\/v2\/posts\/17167\/revisions\/17168"}],"wp:featuredmedia":[{"embeddable":true,"href":"http:\/\/staging.ibermusicas.org\/index.php\/wp-json\/wp\/v2\/media\/17089"}],"wp:attachment":[{"href":"http:\/\/staging.ibermusicas.org\/index.php\/wp-json\/wp\/v2\/media?parent=17167"}],"wp:term":[{"taxonomy":"category","embeddable":true,"href":"http:\/\/staging.ibermusicas.org\/index.php\/wp-json\/wp\/v2\/categories?post=17167"},{"taxonomy":"post_tag","embeddable":true,"href":"http:\/\/staging.ibermusicas.org\/index.php\/wp-json\/wp\/v2\/tags?post=17167"}],"curies":[{"name":"wp","href":"https:\/\/api.w.org\/{rel}","templated":true}]}}