{"id":17169,"date":"2023-10-30T23:06:14","date_gmt":"2023-10-30T23:06:14","guid":{"rendered":"http:\/\/staging.ibermusicas.org\/?p=17169"},"modified":"2023-10-30T23:06:14","modified_gmt":"2023-10-30T23:06:14","slug":"la-asociacion-latinoamericana-del-arpa-alda-anuncia-la-realizacion-de-su-encuentro-en-paraiba-brasil","status":"publish","type":"post","link":"http:\/\/staging.ibermusicas.org\/index.php\/la-asociacion-latinoamericana-del-arpa-alda-anuncia-la-realizacion-de-su-encuentro-en-paraiba-brasil\/","title":{"rendered":"La Asociaci\u00f3n Latinoamericana del Arpa (ALDA) anuncia la realizaci\u00f3n de su encuentro en Para\u00edba, Brasil"},"content":{"rendered":"<p>La Asociaci\u00f3n Latinoamericana del Arpa (ALDA) anuncia \u00abArpa en Foco &#8211; Primera Jornada Latinoamericana\u00bb. Un evento presencial en Brasil que forma parte del ciclo ALDA In Situ y que tendr\u00e1 lugar en la Universidad Federal de Para\u00edba en Jo\u00e3o Pessoa, Brasil.<\/p>\n<p>&nbsp;<\/p>\n<p>Entre los objetivos de este evento est\u00e1n el desarrollo de estrategias de ense\u00f1anza e intercambio de experiencias; la presentaci\u00f3n de formas de actuaci\u00f3n profesional; la pr\u00e1ctica musical y terap\u00e9utica desde la perspectiva de la Arpaterapia\u00bb; el di\u00e1logo con compositores locales y la producci\u00f3n de obras para arpa; y posibilitar que m\u00e1s personas oigan, vean y toquen el arpa, especialmente en el noreste de Brasil.<\/p>\n<p>&nbsp;<\/p>\n<p>Aportar\u00e1n sus conocimientos y su m\u00fasica:Marcela M\u00e9ndez (Argentina) &#8211; Florencia Arizpe (Argentina) &#8211; Claudia Miranda (Brasil) &#8211; Bibiana Ord\u00f3\u00f1ez (Colombia).<\/p>\n<p>&nbsp;<\/p>\n<p>Estas actividades de la Asociaci\u00f3n Latinoamericana del Arpa (ALDA) cuentan con el apoyo de Iberm\u00fasicas mediante sus Ayudas al Sector Musical para la Circulaci\u00f3n.<\/p>\n<p>&nbsp;<\/p>\n<p>&nbsp;<\/p>\n<p>Del 2 al 5 de noviembre en Universidad Federal de Para\u00edba, Jo\u00e3o Pessoa, Brasil<\/p>\n<p>I<a href=\"http:\/\/www.arpalatinoamerica.org\">www.arpalatinoamerica.org<\/a><\/p>\n<p><a href=\"http:\/\/www.youtube.com\/@ALDA\">www.youtube.com\/@ALDA<\/a><\/p>\n<p>&nbsp;<\/p>\n","protected":false},"excerpt":{"rendered":"<p>La Asociaci\u00f3n Latinoamericana del Arpa (ALDA) anuncia \u00abArpa en Foco &#8211; Primera Jornada Latinoamericana\u00bb. Un evento presencial en Brasil que forma parte del ciclo ALDA In Situ y que tendr\u00e1 lugar en la Universidad Federal de Para\u00edba en Jo\u00e3o Pessoa, Brasil. &nbsp; Entre los objetivos de este evento est\u00e1n el desarrollo de estrategias de ense\u00f1anza [&hellip;]<\/p>\n","protected":false},"author":7,"featured_media":17256,"comment_status":"closed","ping_status":"closed","sticky":false,"template":"","format":"standard","meta":{"footnotes":""},"categories":[53],"tags":[],"class_list":["post-17169","post","type-post","status-publish","format-standard","has-post-thumbnail","hentry","category-noticias-generales"],"lang":"es","translations":{"es":17169,"pt":17171},"pll_sync_post":[],"post_mailing_queue_ids":[],"_links":{"self":[{"href":"http:\/\/staging.ibermusicas.org\/index.php\/wp-json\/wp\/v2\/posts\/17169","targetHints":{"allow":["GET"]}}],"collection":[{"href":"http:\/\/staging.ibermusicas.org\/index.php\/wp-json\/wp\/v2\/posts"}],"about":[{"href":"http:\/\/staging.ibermusicas.org\/index.php\/wp-json\/wp\/v2\/types\/post"}],"author":[{"embeddable":true,"href":"http:\/\/staging.ibermusicas.org\/index.php\/wp-json\/wp\/v2\/users\/7"}],"replies":[{"embeddable":true,"href":"http:\/\/staging.ibermusicas.org\/index.php\/wp-json\/wp\/v2\/comments?post=17169"}],"version-history":[{"count":1,"href":"http:\/\/staging.ibermusicas.org\/index.php\/wp-json\/wp\/v2\/posts\/17169\/revisions"}],"predecessor-version":[{"id":17170,"href":"http:\/\/staging.ibermusicas.org\/index.php\/wp-json\/wp\/v2\/posts\/17169\/revisions\/17170"}],"wp:featuredmedia":[{"embeddable":true,"href":"http:\/\/staging.ibermusicas.org\/index.php\/wp-json\/wp\/v2\/media\/17256"}],"wp:attachment":[{"href":"http:\/\/staging.ibermusicas.org\/index.php\/wp-json\/wp\/v2\/media?parent=17169"}],"wp:term":[{"taxonomy":"category","embeddable":true,"href":"http:\/\/staging.ibermusicas.org\/index.php\/wp-json\/wp\/v2\/categories?post=17169"},{"taxonomy":"post_tag","embeddable":true,"href":"http:\/\/staging.ibermusicas.org\/index.php\/wp-json\/wp\/v2\/tags?post=17169"}],"curies":[{"name":"wp","href":"https:\/\/api.w.org\/{rel}","templated":true}]}}