{"id":17171,"date":"2023-10-30T23:08:06","date_gmt":"2023-10-30T23:08:06","guid":{"rendered":"http:\/\/staging.ibermusicas.org\/?p=17171"},"modified":"2023-10-30T23:08:06","modified_gmt":"2023-10-30T23:08:06","slug":"a-associacao-latino-americana-de-harpa-alda-anuncia-seu-encontro-na-paraiba-brasil","status":"publish","type":"post","link":"http:\/\/staging.ibermusicas.org\/index.php\/a-associacao-latino-americana-de-harpa-alda-anuncia-seu-encontro-na-paraiba-brasil\/","title":{"rendered":"A Associa\u00e7\u00e3o Latino-Americana de Harpa (ALDA) anuncia seu encontro na Para\u00edba, Brasil"},"content":{"rendered":"<p>A Associa\u00e7\u00e3o Latino-Americana de Harpa (ALDA) anuncia o \u00abHarpa em Foco &#8211; Primeira Confer\u00eancia Latino-Americana\u00bb. Um evento presencial no Brasil que faz parte do ciclo ALDA In Situ e ser\u00e1 realizado na Universidade Federal da Para\u00edba, em Jo\u00e3o Pessoa, Brasil.<\/p>\n<p>&nbsp;<\/p>\n<p>Entre os objetivos desse evento est\u00e3o o desenvolvimento de estrat\u00e9gias de ensino e troca de experi\u00eancias; a apresenta\u00e7\u00e3o de formas de atua\u00e7\u00e3o profissional; a pr\u00e1tica musical e terap\u00eautica sob a \u00f3tica da \u00abArpaterapia\u00bb; o di\u00e1logo com compositores locais e a produ\u00e7\u00e3o de obras para harpa; e possibilitar que mais pessoas ou\u00e7am, vejam e toquem harpa, especialmente no nordeste do Brasil.<\/p>\n<p>&nbsp;<\/p>\n<p>Marcela M\u00e9ndez (Argentina) &#8211; Florencia Arizpe (Argentina) &#8211; Claudia Miranda (Brasil) &#8211; Bibiana Ord\u00f3\u00f1ez (Col\u00f4mbia) contribuir\u00e3o com seus conhecimentos e m\u00fasica.<\/p>\n<p>&nbsp;<\/p>\n<p>Estas atividades da Associa\u00e7\u00e3o Latino-Americana de Harpas (ALDA) contam com o apoio do Iberm\u00fasicas atrav\u00e9s de suas Ajudas ao Setor Musical para a Circula\u00e7\u00e3o.<\/p>\n<p>&nbsp;<\/p>\n<p>&nbsp;<\/p>\n<p>De 2 a 5 de novembro na Universidade Federal da Para\u00edba, Jo\u00e3o Pessoa, Brasil.<\/p>\n<p>I<a href=\"http:\/\/www.arpalatinoamerica.org\">www.arpalatinoamerica.org<\/a><\/p>\n<p><a href=\"http:\/\/www.youtube.com\/@ALDA\">www.youtube.com\/@ALDA<\/a><\/p>\n<p>&nbsp;<\/p>\n","protected":false},"excerpt":{"rendered":"<p>A Associa\u00e7\u00e3o Latino-Americana de Harpa (ALDA) anuncia o \u00abHarpa em Foco &#8211; Primeira Confer\u00eancia Latino-Americana\u00bb. Um evento presencial no Brasil que faz parte do ciclo ALDA In Situ e ser\u00e1 realizado na Universidade Federal da Para\u00edba, em Jo\u00e3o Pessoa, Brasil. &nbsp; Entre os objetivos desse evento est\u00e3o o desenvolvimento de estrat\u00e9gias de ensino e troca [&hellip;]<\/p>\n","protected":false},"author":7,"featured_media":17256,"comment_status":"closed","ping_status":"closed","sticky":false,"template":"","format":"standard","meta":{"footnotes":""},"categories":[218],"tags":[],"class_list":["post-17171","post","type-post","status-publish","format-standard","has-post-thumbnail","hentry","category-noticias-generales-pt"],"lang":"pt","translations":{"pt":17171,"es":17169},"pll_sync_post":[],"post_mailing_queue_ids":[],"_links":{"self":[{"href":"http:\/\/staging.ibermusicas.org\/index.php\/wp-json\/wp\/v2\/posts\/17171","targetHints":{"allow":["GET"]}}],"collection":[{"href":"http:\/\/staging.ibermusicas.org\/index.php\/wp-json\/wp\/v2\/posts"}],"about":[{"href":"http:\/\/staging.ibermusicas.org\/index.php\/wp-json\/wp\/v2\/types\/post"}],"author":[{"embeddable":true,"href":"http:\/\/staging.ibermusicas.org\/index.php\/wp-json\/wp\/v2\/users\/7"}],"replies":[{"embeddable":true,"href":"http:\/\/staging.ibermusicas.org\/index.php\/wp-json\/wp\/v2\/comments?post=17171"}],"version-history":[{"count":1,"href":"http:\/\/staging.ibermusicas.org\/index.php\/wp-json\/wp\/v2\/posts\/17171\/revisions"}],"predecessor-version":[{"id":17257,"href":"http:\/\/staging.ibermusicas.org\/index.php\/wp-json\/wp\/v2\/posts\/17171\/revisions\/17257"}],"wp:featuredmedia":[{"embeddable":true,"href":"http:\/\/staging.ibermusicas.org\/index.php\/wp-json\/wp\/v2\/media\/17256"}],"wp:attachment":[{"href":"http:\/\/staging.ibermusicas.org\/index.php\/wp-json\/wp\/v2\/media?parent=17171"}],"wp:term":[{"taxonomy":"category","embeddable":true,"href":"http:\/\/staging.ibermusicas.org\/index.php\/wp-json\/wp\/v2\/categories?post=17171"},{"taxonomy":"post_tag","embeddable":true,"href":"http:\/\/staging.ibermusicas.org\/index.php\/wp-json\/wp\/v2\/tags?post=17171"}],"curies":[{"name":"wp","href":"https:\/\/api.w.org\/{rel}","templated":true}]}}