{"id":17172,"date":"2023-10-30T18:29:40","date_gmt":"2023-10-30T18:29:40","guid":{"rendered":"http:\/\/staging.ibermusicas.org\/?p=17172"},"modified":"2023-11-16T12:55:38","modified_gmt":"2023-11-16T12:55:38","slug":"el-ensamble-palito-miranda-de-paraguay-realizara-su-gira-internacional-2023-por-argentina-uruguay-y-brasil","status":"publish","type":"post","link":"http:\/\/staging.ibermusicas.org\/index.php\/el-ensamble-palito-miranda-de-paraguay-realizara-su-gira-internacional-2023-por-argentina-uruguay-y-brasil\/","title":{"rendered":"El Ensamble Palito Miranda de paraguay realizar\u00e1 su Gira Internacional 2023 por Argentina, Uruguay y Brasil"},"content":{"rendered":"<p>El Ensamble Palito Miranda, conformado por ocho de los m\u00e1s destacados instrumentistas del jazz paraguayo en la actualidad, se embarcan en su primera gira por Argentina,\u00a0 Uruguay y Brasil. En la gira estar\u00e1n presentando el repertorio de su primer \u00e1lbum discogr\u00e1fico en homenaje al maestro Palito Miranda, editado en formato vinilo y digital en el 2023.<\/p>\n<p>&nbsp;<\/p>\n<p>El Ensamble Palito Miranda busca reflejar las din\u00e1micas y convergencias entre la tradici\u00f3n y la vanguardia del jazz con un repertorio ecl\u00e9ctico donde la m\u00fasica instrumental paraguaya junto al swing y ritmos latinoamericanos juegan un papel fundamental, as\u00ed como tambien el gran honor de seguir visibilizando a partir del homenaje al maestro Palito Miranda, la historia del jazz en Paraguay.<\/p>\n<p>&nbsp;<\/p>\n<p>Esta gira es posible gracias al apoyo del Programa Iberm\u00fasicas, a trav\u00e9s de la Secretaria Nacional de Cultura de Py, Dinapi, y las entidades de gesti\u00f3n colectiva de Paraguay (AIE, APA y SGP).<\/p>\n<p>&nbsp;<\/p>\n<p>&nbsp;<\/p>\n<ul>\n<li>2 de noviembre: Festival de Jazz de C\u00f3rdoba, Argentina<\/li>\n<li>4 de noviembre: Festival de Jazz de Buenos Aires<\/li>\n<li>16 de diciembre: A f\u00e1brica de Metais, Florian\u00f3polis, Brasil<\/li>\n<li>17 de diciembre: Festival de Jazz de Curitiba, Brasil<\/li>\n<\/ul>\n","protected":false},"excerpt":{"rendered":"<p>El Ensamble Palito Miranda, conformado por ocho de los m\u00e1s destacados instrumentistas del jazz paraguayo en la actualidad, se embarcan en su primera gira por Argentina,\u00a0 Uruguay y Brasil. En la gira estar\u00e1n presentando el repertorio de su primer \u00e1lbum discogr\u00e1fico en homenaje al maestro Palito Miranda, editado en formato vinilo y digital en el [&hellip;]<\/p>\n","protected":false},"author":7,"featured_media":17173,"comment_status":"closed","ping_status":"closed","sticky":false,"template":"","format":"standard","meta":{"footnotes":""},"categories":[53],"tags":[],"class_list":["post-17172","post","type-post","status-publish","format-standard","has-post-thumbnail","hentry","category-noticias-generales"],"lang":"es","translations":{"es":17172,"pt":17175},"pll_sync_post":[],"post_mailing_queue_ids":[],"_links":{"self":[{"href":"http:\/\/staging.ibermusicas.org\/index.php\/wp-json\/wp\/v2\/posts\/17172","targetHints":{"allow":["GET"]}}],"collection":[{"href":"http:\/\/staging.ibermusicas.org\/index.php\/wp-json\/wp\/v2\/posts"}],"about":[{"href":"http:\/\/staging.ibermusicas.org\/index.php\/wp-json\/wp\/v2\/types\/post"}],"author":[{"embeddable":true,"href":"http:\/\/staging.ibermusicas.org\/index.php\/wp-json\/wp\/v2\/users\/7"}],"replies":[{"embeddable":true,"href":"http:\/\/staging.ibermusicas.org\/index.php\/wp-json\/wp\/v2\/comments?post=17172"}],"version-history":[{"count":1,"href":"http:\/\/staging.ibermusicas.org\/index.php\/wp-json\/wp\/v2\/posts\/17172\/revisions"}],"predecessor-version":[{"id":17174,"href":"http:\/\/staging.ibermusicas.org\/index.php\/wp-json\/wp\/v2\/posts\/17172\/revisions\/17174"}],"wp:featuredmedia":[{"embeddable":true,"href":"http:\/\/staging.ibermusicas.org\/index.php\/wp-json\/wp\/v2\/media\/17173"}],"wp:attachment":[{"href":"http:\/\/staging.ibermusicas.org\/index.php\/wp-json\/wp\/v2\/media?parent=17172"}],"wp:term":[{"taxonomy":"category","embeddable":true,"href":"http:\/\/staging.ibermusicas.org\/index.php\/wp-json\/wp\/v2\/categories?post=17172"},{"taxonomy":"post_tag","embeddable":true,"href":"http:\/\/staging.ibermusicas.org\/index.php\/wp-json\/wp\/v2\/tags?post=17172"}],"curies":[{"name":"wp","href":"https:\/\/api.w.org\/{rel}","templated":true}]}}