{"id":17175,"date":"2023-10-30T18:32:12","date_gmt":"2023-10-30T18:32:12","guid":{"rendered":"http:\/\/staging.ibermusicas.org\/?p=17175"},"modified":"2023-11-16T12:59:25","modified_gmt":"2023-11-16T12:59:25","slug":"o-ensamble-palito-miranda-do-paraguai-fara-sua-turne-internacional-pela-argentina-uruguai-e-brasil","status":"publish","type":"post","link":"http:\/\/staging.ibermusicas.org\/index.php\/o-ensamble-palito-miranda-do-paraguai-fara-sua-turne-internacional-pela-argentina-uruguai-e-brasil\/","title":{"rendered":"O Ensamble Palito Miranda do Paraguai far\u00e1 sua turn\u00ea internacional pela Argentina, Uruguai e Brasil"},"content":{"rendered":"<p>O Ensamble Palito Miranda, formado por oito dos mais destacados instrumentistas de jazz paraguaios da atualidade, est\u00e1 embarcando em sua primeira turn\u00ea pela Argentina, Uruguai e Brasil. Na turn\u00ea, eles apresentar\u00e3o o repert\u00f3rio de seu primeiro \u00e1lbum em homenagem ao maestro Palito Miranda, lan\u00e7ado em vinil e em formato digital em 2023.<\/p>\n<p>&nbsp;<\/p>\n<p>O Ensamble Palito Miranda busca refletir as din\u00e2micas e converg\u00eancias entre a tradi\u00e7\u00e3o e a vanguarda do jazz com um repert\u00f3rio ecl\u00e9tico onde a m\u00fasica instrumental paraguaia junto com o swing e os ritmos latino-americanos desempenham um papel fundamental, assim como a grande honra de continuar dando visibilidade \u00e0 hist\u00f3ria do jazz no Paraguai atrav\u00e9s da homenagem ao maestro Palito Miranda.<\/p>\n<p>&nbsp;<\/p>\n<p>Essa turn\u00ea \u00e9 poss\u00edvel gra\u00e7as ao apoio do Programa Iberm\u00fasicas, por meio da Secretaria Nacional de Cultura de Py, Dinapi, e das entidades de gest\u00e3o coletiva do Paraguai (AIE, APA e SGP).<\/p>\n<p>&nbsp;<\/p>\n<ul>\n<li>2 de novembro: Festival de Jazz de C\u00f3rdoba, Argentina.<\/li>\n<li>4 de novembro: Festival de Jazz de Buenos Aires.<\/li>\n<li>16 de dezembro: A f\u00e1brica de Metais, Florian\u00f3polis, Brasil<\/li>\n<li>17 de dezembro: Curitiba Jazz Festival, Curitiba, Brasil<\/li>\n<\/ul>\n","protected":false},"excerpt":{"rendered":"<p>O Ensamble Palito Miranda, formado por oito dos mais destacados instrumentistas de jazz paraguaios da atualidade, est\u00e1 embarcando em sua primeira turn\u00ea pela Argentina, Uruguai e Brasil. Na turn\u00ea, eles apresentar\u00e3o o repert\u00f3rio de seu primeiro \u00e1lbum em homenagem ao maestro Palito Miranda, lan\u00e7ado em vinil e em formato digital em 2023. &nbsp; O Ensamble [&hellip;]<\/p>\n","protected":false},"author":7,"featured_media":17173,"comment_status":"closed","ping_status":"closed","sticky":false,"template":"","format":"standard","meta":{"footnotes":""},"categories":[218],"tags":[],"class_list":["post-17175","post","type-post","status-publish","format-standard","has-post-thumbnail","hentry","category-noticias-generales-pt"],"lang":"pt","translations":{"pt":17175,"es":17172},"pll_sync_post":[],"post_mailing_queue_ids":[],"_links":{"self":[{"href":"http:\/\/staging.ibermusicas.org\/index.php\/wp-json\/wp\/v2\/posts\/17175","targetHints":{"allow":["GET"]}}],"collection":[{"href":"http:\/\/staging.ibermusicas.org\/index.php\/wp-json\/wp\/v2\/posts"}],"about":[{"href":"http:\/\/staging.ibermusicas.org\/index.php\/wp-json\/wp\/v2\/types\/post"}],"author":[{"embeddable":true,"href":"http:\/\/staging.ibermusicas.org\/index.php\/wp-json\/wp\/v2\/users\/7"}],"replies":[{"embeddable":true,"href":"http:\/\/staging.ibermusicas.org\/index.php\/wp-json\/wp\/v2\/comments?post=17175"}],"version-history":[{"count":1,"href":"http:\/\/staging.ibermusicas.org\/index.php\/wp-json\/wp\/v2\/posts\/17175\/revisions"}],"predecessor-version":[{"id":17176,"href":"http:\/\/staging.ibermusicas.org\/index.php\/wp-json\/wp\/v2\/posts\/17175\/revisions\/17176"}],"wp:featuredmedia":[{"embeddable":true,"href":"http:\/\/staging.ibermusicas.org\/index.php\/wp-json\/wp\/v2\/media\/17173"}],"wp:attachment":[{"href":"http:\/\/staging.ibermusicas.org\/index.php\/wp-json\/wp\/v2\/media?parent=17175"}],"wp:term":[{"taxonomy":"category","embeddable":true,"href":"http:\/\/staging.ibermusicas.org\/index.php\/wp-json\/wp\/v2\/categories?post=17175"},{"taxonomy":"post_tag","embeddable":true,"href":"http:\/\/staging.ibermusicas.org\/index.php\/wp-json\/wp\/v2\/tags?post=17175"}],"curies":[{"name":"wp","href":"https:\/\/api.w.org\/{rel}","templated":true}]}}