{"id":17177,"date":"2023-10-30T18:35:17","date_gmt":"2023-10-30T18:35:17","guid":{"rendered":"http:\/\/staging.ibermusicas.org\/?p=17177"},"modified":"2023-11-16T12:55:32","modified_gmt":"2023-11-16T12:55:32","slug":"la-agrupacion-taller-la-bola-de-ecuador-presenta-su-gira-mexicana","status":"publish","type":"post","link":"http:\/\/staging.ibermusicas.org\/index.php\/la-agrupacion-taller-la-bola-de-ecuador-presenta-su-gira-mexicana\/","title":{"rendered":"La agrupaci\u00f3n Taller La Bola de Ecuador presenta su gira mexicana"},"content":{"rendered":"<p>Taller La Bola de Ecuador presenta\u201cGira M\u00e9xico 2023 &#8211; Di\u00e1logos atemporales sobre la muerte\u201d. Un ambicioso encuentro intercultural de arte, educaci\u00f3n y comunidad entre Ecuador y M\u00e9xico, donde instrumentos musicales ancestrales originales, viajar\u00e1n desde la mitad del mundo hacia Mesoam\u00e9rica, para compartir sus sonoridades ins\u00f3litas, sus melod\u00edas asombrosas y toda la sabidur\u00eda y todo su legado ancestral.<\/p>\n<p>&nbsp;<\/p>\n<p>Desde tiempos inmemorables, el sonido y la m\u00fasica cumplen un papel de lenguaje universal, permitiendo a los seres humanos comunicarse entre s\u00ed, independientemente de su procedencia, idioma, cultura o cosmovisi\u00f3n. Al pensar c\u00f3mo eran las sonoridades que exist\u00edan, hace 2000 a\u00f1os, en Latinoam\u00e9rica surge las preguntas: \u00bfQu\u00e9 instrumentos\u00a0 utilizaban? \u00bfQu\u00e9 formas ten\u00edan estos instrumentos? \u00bfC\u00f3mo se los interpretaba? \u00bfPara qu\u00e9 serv\u00edan? y \u00bfC\u00f3mo pueden ser utilizados en la actualidad?<\/p>\n<p>&nbsp;<\/p>\n<p>La gira involucra conciertos, talleres pedag\u00f3gicos, encuentros de arte, intercambio de saberes y culturas, procesos de investigaci\u00f3n, conversatorios, actividades educativas y mediaci\u00f3n comunitaria.<\/p>\n<p>&nbsp;<\/p>\n<p>A prop\u00f3sito de festividades relacionadas con la muerte, la propuesta es festejar la vida creando di\u00e1logos y acercamientos a diferentes perspectivas para abordar la muerte vista desde las diversas tradiciones ancestrales y as\u00ed cambiar los paradigmas de c\u00f3mo asumirla dentro de un contexto cultural moderno, ya que antiguamente, se conceb\u00eda a la muerte como el inicio de una nueva vida. Todo se mov\u00eda eternamente en espiral.<\/p>\n<p>&nbsp;<\/p>\n<p>La presente propuesta representa un avance muy valioso para la reconstrucci\u00f3n de la memoria social del Abya Yala, a partir de sus patrimonios. Proponiendo di\u00e1logos e intercambios culturales, hist\u00f3ricos y de saberes, junto a procesos de investigaci\u00f3n, para encontrar similitudes y diferencias entre las diversas culturas, con el objeto de encontrar una ra\u00edz originaria com\u00fan, proveniente de pueblos y nacionalidades ancestrales en Am\u00e9rica.<\/p>\n<p>&nbsp;<\/p>\n<p>Desde un punto de vista espiritual, el proyecto permite realizar un ritual, para que patrimonios culturales y arqueol\u00f3gicos, se reencuentren en territorio y<\/p>\n<p>dialoguen con sus contempor\u00e1neos ancestrales. Esto servir\u00e1 para fortalecer procesos decoloniales sustentables en el tiempo.<\/p>\n<p>&nbsp;<\/p>\n<p>La presente gira de Taller La Bola se realiza con el apoyo de Iberm\u00fasicas mediante sus Ayudas al Sector Musical para la Circulaci\u00f3n.<\/p>\n<ul>\n<li>Viernes 03 de noviembre, 16h: Teatro de la Naturaleza de la Zona Arqueol\u00f3gica de Teotihuac\u00e1n, Estado de M\u00e9xico<\/li>\n<li>Viernes 10 de noviembre: Concierto en el Castillo de Chapultepec, CDMX<\/li>\n<li>S\u00e1bado 11 de noviembre: Concierto en el Museo Nacional de las Culturas del Mundo, CDMX<\/li>\n<li>Viernes 17 de noviembre, 18h: Presentaci\u00f3n en Zona Arqueol\u00f3gica de Tlatelolco, Oaxaca<\/li>\n<li>S\u00e1bado 18 de noviembre, 13h: Auditorio Torres Bodet delMuseo Nacional de antropolog\u00eda, CDMX<\/li>\n<\/ul>\n","protected":false},"excerpt":{"rendered":"<p>Taller La Bola de Ecuador presenta\u201cGira M\u00e9xico 2023 &#8211; Di\u00e1logos atemporales sobre la muerte\u201d. Un ambicioso encuentro intercultural de arte, educaci\u00f3n y comunidad entre Ecuador y M\u00e9xico, donde instrumentos musicales ancestrales originales, viajar\u00e1n desde la mitad del mundo hacia Mesoam\u00e9rica, para compartir sus sonoridades ins\u00f3litas, sus melod\u00edas asombrosas y toda la sabidur\u00eda y todo su [&hellip;]<\/p>\n","protected":false},"author":7,"featured_media":17178,"comment_status":"closed","ping_status":"closed","sticky":false,"template":"","format":"standard","meta":{"footnotes":""},"categories":[53],"tags":[],"class_list":["post-17177","post","type-post","status-publish","format-standard","has-post-thumbnail","hentry","category-noticias-generales"],"lang":"es","translations":{"es":17177,"pt":17180},"pll_sync_post":[],"post_mailing_queue_ids":[],"_links":{"self":[{"href":"http:\/\/staging.ibermusicas.org\/index.php\/wp-json\/wp\/v2\/posts\/17177","targetHints":{"allow":["GET"]}}],"collection":[{"href":"http:\/\/staging.ibermusicas.org\/index.php\/wp-json\/wp\/v2\/posts"}],"about":[{"href":"http:\/\/staging.ibermusicas.org\/index.php\/wp-json\/wp\/v2\/types\/post"}],"author":[{"embeddable":true,"href":"http:\/\/staging.ibermusicas.org\/index.php\/wp-json\/wp\/v2\/users\/7"}],"replies":[{"embeddable":true,"href":"http:\/\/staging.ibermusicas.org\/index.php\/wp-json\/wp\/v2\/comments?post=17177"}],"version-history":[{"count":1,"href":"http:\/\/staging.ibermusicas.org\/index.php\/wp-json\/wp\/v2\/posts\/17177\/revisions"}],"predecessor-version":[{"id":17179,"href":"http:\/\/staging.ibermusicas.org\/index.php\/wp-json\/wp\/v2\/posts\/17177\/revisions\/17179"}],"wp:featuredmedia":[{"embeddable":true,"href":"http:\/\/staging.ibermusicas.org\/index.php\/wp-json\/wp\/v2\/media\/17178"}],"wp:attachment":[{"href":"http:\/\/staging.ibermusicas.org\/index.php\/wp-json\/wp\/v2\/media?parent=17177"}],"wp:term":[{"taxonomy":"category","embeddable":true,"href":"http:\/\/staging.ibermusicas.org\/index.php\/wp-json\/wp\/v2\/categories?post=17177"},{"taxonomy":"post_tag","embeddable":true,"href":"http:\/\/staging.ibermusicas.org\/index.php\/wp-json\/wp\/v2\/tags?post=17177"}],"curies":[{"name":"wp","href":"https:\/\/api.w.org\/{rel}","templated":true}]}}