{"id":17180,"date":"2023-10-30T18:36:24","date_gmt":"2023-10-30T18:36:24","guid":{"rendered":"http:\/\/staging.ibermusicas.org\/?p=17180"},"modified":"2023-11-16T12:59:19","modified_gmt":"2023-11-16T12:59:19","slug":"taller-la-bola-de-ecuador-apresenta-sua-turne-mexicana","status":"publish","type":"post","link":"http:\/\/staging.ibermusicas.org\/index.php\/taller-la-bola-de-ecuador-apresenta-sua-turne-mexicana\/","title":{"rendered":"Taller La Bola de Ecuador apresenta sua turn\u00ea mexicana"},"content":{"rendered":"<p>O Taller La Bola de Ecuador apresenta \u00abGira M\u00e9xico 2023 &#8211; Di\u00e1logos atemporais sobre a morte\u00bb. Um ambicioso encontro intercultural de arte, educa\u00e7\u00e3o e comunidade entre o Equador e o M\u00e9xico, onde instrumentos musicais ancestrais originais viajar\u00e3o do meio do mundo para a Mesoam\u00e9rica, para compartilhar suas sonoridades incomuns, suas melodias incr\u00edveis e toda a sabedoria e todo o seu legado ancestral.<\/p>\n<p>&nbsp;<\/p>\n<p>Desde tempos imemoriais, o som e a m\u00fasica t\u00eam desempenhado o papel de uma linguagem universal, permitindo que os seres humanos se comuniquem uns com os outros, independentemente de sua origem, idioma, cultura ou vis\u00e3o de mundo. Quando se pensa nos sons que existiam h\u00e1 2.000 anos na Am\u00e9rica Latina, surgem as seguintes perguntas: quais instrumentos eram usados? Que formas esses instrumentos assumiam? Como eram tocados? Para que serviam? E como podem ser usados hoje?<\/p>\n<p>&nbsp;<\/p>\n<p>A turn\u00ea envolve concertos, oficinas pedag\u00f3gicas, encontros art\u00edsticos, interc\u00e2mbio de conhecimentos e culturas, processos de pesquisa, debates, atividades educativas e media\u00e7\u00e3o comunit\u00e1ria.<\/p>\n<p>&nbsp;<\/p>\n<p>A proposta \u00e9 celebrar a vida por meio da cria\u00e7\u00e3o de di\u00e1logos e acercamentos de diferentes perspectivas para abordar a morte vista a partir de outras tradi\u00e7\u00f5es ancestrais e, assim, mudar os paradigmas de como assumi-la em um contexto cultural moderno, j\u00e1 que, no passado, a morte era concebida como o in\u00edcio de uma nova vida. Tudo se movia eternamente em uma espiral.<\/p>\n<p>&nbsp;<\/p>\n<p>Essa proposta representa um passo muito valioso na reconstru\u00e7\u00e3o da mem\u00f3ria social de Abya Yala, com base em seu patrim\u00f4nio. Ela prop\u00f5e di\u00e1logos e interc\u00e2mbios culturais, hist\u00f3ricos e de conhecimento, juntamente com processos de pesquisa, para encontrar semelhan\u00e7as e diferen\u00e7as entre as diferentes culturas, com o objetivo de achar uma raiz original comum, proveniente de povos e nacionalidades ancestrais da Am\u00e9rica.<\/p>\n<p>&nbsp;<\/p>\n<p>Do ponto de vista espiritual, o projeto permite a realiza\u00e7\u00e3o de um ritual, de modo que os patrim\u00f4nios culturais e arqueol\u00f3gicos se encontrem no territ\u00f3rio e dialoguem com seus contempor\u00e2neos ancestrais. Isso servir\u00e1 para fortalecer processos decoloniais sustent\u00e1veis ao longo do tempo.<\/p>\n<p>&nbsp;<\/p>\n<p>Esta turn\u00ea do Taller La Bola est\u00e1 sendo realizada com o apoio do Programa Iberm\u00fasicas por meio de suas Ajudas ao Setor Musical para a Circula\u00e7\u00e3o.<\/p>\n<p>&nbsp;<\/p>\n<ul>\n<li>Sexta-feira, 03 de novembro, 16h: Teatro de la Naturaleza de la Zona Arqueol\u00f3gica de Teotihuac\u00e1n, Estado do M\u00e9xico<\/li>\n<li>Sexta-feira, 10 de novembro: Show no Castillo de Chapultepec, CDMX<\/li>\n<li>S\u00e1bado, 11 de novembro: Show no Museu Nacional de Culturas do Mundo, CDMX<\/li>\n<li>Sexta-feira, 17 de novembro, 18h: Apresenta\u00e7\u00e3o na Zona Arqueol\u00f3gica de Tlatelolco, Oaxaca<\/li>\n<li>S\u00e1bado, 18 de novembro, 13h: Audit\u00f3rio Torres Bodet do Museu Nacional de Antropologia, CDMX<\/li>\n<\/ul>\n","protected":false},"excerpt":{"rendered":"<p>O Taller La Bola de Ecuador apresenta \u00abGira M\u00e9xico 2023 &#8211; Di\u00e1logos atemporais sobre a morte\u00bb. Um ambicioso encontro intercultural de arte, educa\u00e7\u00e3o e comunidade entre o Equador e o M\u00e9xico, onde instrumentos musicais ancestrais originais viajar\u00e3o do meio do mundo para a Mesoam\u00e9rica, para compartilhar suas sonoridades incomuns, suas melodias incr\u00edveis e toda a [&hellip;]<\/p>\n","protected":false},"author":7,"featured_media":17178,"comment_status":"closed","ping_status":"closed","sticky":false,"template":"","format":"standard","meta":{"footnotes":""},"categories":[218],"tags":[],"class_list":["post-17180","post","type-post","status-publish","format-standard","has-post-thumbnail","hentry","category-noticias-generales-pt"],"lang":"pt","translations":{"pt":17180,"es":17177},"pll_sync_post":[],"post_mailing_queue_ids":[],"_links":{"self":[{"href":"http:\/\/staging.ibermusicas.org\/index.php\/wp-json\/wp\/v2\/posts\/17180","targetHints":{"allow":["GET"]}}],"collection":[{"href":"http:\/\/staging.ibermusicas.org\/index.php\/wp-json\/wp\/v2\/posts"}],"about":[{"href":"http:\/\/staging.ibermusicas.org\/index.php\/wp-json\/wp\/v2\/types\/post"}],"author":[{"embeddable":true,"href":"http:\/\/staging.ibermusicas.org\/index.php\/wp-json\/wp\/v2\/users\/7"}],"replies":[{"embeddable":true,"href":"http:\/\/staging.ibermusicas.org\/index.php\/wp-json\/wp\/v2\/comments?post=17180"}],"version-history":[{"count":1,"href":"http:\/\/staging.ibermusicas.org\/index.php\/wp-json\/wp\/v2\/posts\/17180\/revisions"}],"predecessor-version":[{"id":17181,"href":"http:\/\/staging.ibermusicas.org\/index.php\/wp-json\/wp\/v2\/posts\/17180\/revisions\/17181"}],"wp:featuredmedia":[{"embeddable":true,"href":"http:\/\/staging.ibermusicas.org\/index.php\/wp-json\/wp\/v2\/media\/17178"}],"wp:attachment":[{"href":"http:\/\/staging.ibermusicas.org\/index.php\/wp-json\/wp\/v2\/media?parent=17180"}],"wp:term":[{"taxonomy":"category","embeddable":true,"href":"http:\/\/staging.ibermusicas.org\/index.php\/wp-json\/wp\/v2\/categories?post=17180"},{"taxonomy":"post_tag","embeddable":true,"href":"http:\/\/staging.ibermusicas.org\/index.php\/wp-json\/wp\/v2\/tags?post=17180"}],"curies":[{"name":"wp","href":"https:\/\/api.w.org\/{rel}","templated":true}]}}