{"id":17182,"date":"2023-10-30T18:38:35","date_gmt":"2023-10-30T18:38:35","guid":{"rendered":"http:\/\/staging.ibermusicas.org\/?p=17182"},"modified":"2023-11-16T12:55:20","modified_gmt":"2023-11-16T12:55:20","slug":"la-banda-morisca-de-espana-se-presentara-en-diversos-escenarios-de-estados-unidos","status":"publish","type":"post","link":"http:\/\/staging.ibermusicas.org\/index.php\/la-banda-morisca-de-espana-se-presentara-en-diversos-escenarios-de-estados-unidos\/","title":{"rendered":"\u201cLa Banda Morisca\u201d de Espa\u00f1a se presentar\u00e1 en diversos escenarios de Estados Unidos"},"content":{"rendered":"<p>Integrada por m\u00fasicos de C\u00e1diz, Espa\u00f1a, con diferentes trayectorias profesionales, la m\u00fasica de La Banda Morisca es una convergencia de ra\u00edces y m\u00fasica tradicional con el deseo de experimentar y evocar la herencia cultural de la antigua al-Andalus y el legado que ha dejado en la m\u00fasica que se interpreta actualmente en Andaluc\u00eda, el Magreb y Oriente Medio.<\/p>\n<p>&nbsp;<\/p>\n<p>Inspirado en esta herencia andalus\u00ed y en el canon folcl\u00f3rico de las baladas, el sexteto ha desarrollado una visi\u00f3n creativa y \u00fanica de un repertorio que combina las tradiciones del Mediterr\u00e1neo oriental y occidental con el esp\u00edritu del flamenco y el rock andaluz.<\/p>\n<p>&nbsp;<\/p>\n<p>La Banda Morisca public\u00f3 su \u00e1lbum debut hom\u00f3nimo en 2013. Le siguieron Algarabya en 2016 y Gitana Mora en 2020. Entre 2016 y 2019, la banda ha actuado en algunos de los festivales y escenarios m\u00e1s importantes del mundo, como SXSW, el Festival de Flamenco de Nueva York, el Festival del Mundo \u00c1rabe de Montreal, The Small World Music Center de Toronto, el Conservatorio de Nueva Inglaterra de Boston, The Old Town School of Folk Music de Chicago, Miami Dade College, el Festival de Flamenco de Miami, el Festival de M\u00fasicas del Mundo de La Habana, el Festival Internacional de Merzouga, L&#8217;Institut du Monde Arabe de Par\u00eds, el Festival des Musiques M\u00e9tisses de Angoul\u00eame, el Pabell\u00f3n de Espa\u00f1a en la Exposici\u00f3n Universal de Astana 2017, el Festival Sharq Taronalari de Samarcanda, donde fueron galardonados con el Premio del Jurado del Festival, WOMEX 2017 de Katowice, la Fira Mediterrania, el Festival de Krems y el Festival Sziget de Budapest.<\/p>\n<p>&nbsp;<\/p>\n<p>La Banda Morisca ha sido ganadora de las Ayudas a la Circulaci\u00f3n en los EE. UU. del programa Iberm\u00fasicas en colaboraci\u00f3n con Mid Atlantic Arts.<\/p>\n<p>&nbsp;<\/p>\n<ul>\n<li>Viernes 3 de noviembre, 19:30h: Weis Center Concert Hall, Lewisburg, Pensilvania, EEUU<\/li>\n<li>S\u00e1bado 4 de noviembre, 20h: XIX Fuego Flamenco Festival, Gala Hispoanic Theatre, Washigton DC, EEUU<\/li>\n<li>Domingo 5 de noviembre, 14h: XIX Fuego Flamenco Festival, Gala Hispoanic Theatre, Washigton DC, EEUU<\/li>\n<\/ul>\n","protected":false},"excerpt":{"rendered":"<p>Integrada por m\u00fasicos de C\u00e1diz, Espa\u00f1a, con diferentes trayectorias profesionales, la m\u00fasica de La Banda Morisca es una convergencia de ra\u00edces y m\u00fasica tradicional con el deseo de experimentar y evocar la herencia cultural de la antigua al-Andalus y el legado que ha dejado en la m\u00fasica que se interpreta actualmente en Andaluc\u00eda, el Magreb [&hellip;]<\/p>\n","protected":false},"author":7,"featured_media":17183,"comment_status":"closed","ping_status":"closed","sticky":false,"template":"","format":"standard","meta":{"footnotes":""},"categories":[53],"tags":[],"class_list":["post-17182","post","type-post","status-publish","format-standard","has-post-thumbnail","hentry","category-noticias-generales"],"lang":"es","translations":{"es":17182,"pt":17185},"pll_sync_post":[],"post_mailing_queue_ids":[],"_links":{"self":[{"href":"http:\/\/staging.ibermusicas.org\/index.php\/wp-json\/wp\/v2\/posts\/17182","targetHints":{"allow":["GET"]}}],"collection":[{"href":"http:\/\/staging.ibermusicas.org\/index.php\/wp-json\/wp\/v2\/posts"}],"about":[{"href":"http:\/\/staging.ibermusicas.org\/index.php\/wp-json\/wp\/v2\/types\/post"}],"author":[{"embeddable":true,"href":"http:\/\/staging.ibermusicas.org\/index.php\/wp-json\/wp\/v2\/users\/7"}],"replies":[{"embeddable":true,"href":"http:\/\/staging.ibermusicas.org\/index.php\/wp-json\/wp\/v2\/comments?post=17182"}],"version-history":[{"count":1,"href":"http:\/\/staging.ibermusicas.org\/index.php\/wp-json\/wp\/v2\/posts\/17182\/revisions"}],"predecessor-version":[{"id":17184,"href":"http:\/\/staging.ibermusicas.org\/index.php\/wp-json\/wp\/v2\/posts\/17182\/revisions\/17184"}],"wp:featuredmedia":[{"embeddable":true,"href":"http:\/\/staging.ibermusicas.org\/index.php\/wp-json\/wp\/v2\/media\/17183"}],"wp:attachment":[{"href":"http:\/\/staging.ibermusicas.org\/index.php\/wp-json\/wp\/v2\/media?parent=17182"}],"wp:term":[{"taxonomy":"category","embeddable":true,"href":"http:\/\/staging.ibermusicas.org\/index.php\/wp-json\/wp\/v2\/categories?post=17182"},{"taxonomy":"post_tag","embeddable":true,"href":"http:\/\/staging.ibermusicas.org\/index.php\/wp-json\/wp\/v2\/tags?post=17182"}],"curies":[{"name":"wp","href":"https:\/\/api.w.org\/{rel}","templated":true}]}}