{"id":17185,"date":"2023-10-30T18:39:45","date_gmt":"2023-10-30T18:39:45","guid":{"rendered":"http:\/\/staging.ibermusicas.org\/?p=17185"},"modified":"2023-11-16T12:59:13","modified_gmt":"2023-11-16T12:59:13","slug":"a-la-banda-morisca-da-espanha-se-apresentara-em-varios-palcos-nos-estados-unidos","status":"publish","type":"post","link":"http:\/\/staging.ibermusicas.org\/index.php\/a-la-banda-morisca-da-espanha-se-apresentara-em-varios-palcos-nos-estados-unidos\/","title":{"rendered":"A \u00abLa Banda Morisca\u00bb da Espanha se apresentar\u00e1 em v\u00e1rios palcos nos Estados Unidos"},"content":{"rendered":"<p>Formada por m\u00fasicos de C\u00e1diz, na Espanha, com diferentes forma\u00e7\u00f5es profissionais, a m\u00fasica de La Banda Morisca \u00e9 uma converg\u00eancia de ra\u00edzes e m\u00fasica tradicional com o desejo de vivenciar e evocar a heran\u00e7a cultural da antiga Al-Andalus e o legado que ela deixou na m\u00fasica executada hoje na Andaluzia, no Magrebe e no Oriente M\u00e9dio.<\/p>\n<p>&nbsp;<\/p>\n<p>Inspirado por essa heran\u00e7a andaluza e pelo c\u00e2none folcl\u00f3rico das baladas, o sexteto desenvolveu uma vis\u00e3o criativa e \u00fanica de um repert\u00f3rio que combina as tradi\u00e7\u00f5es do Mediterr\u00e2neo oriental e ocidental com o esp\u00edrito do flamenco e do rock andaluz.<\/p>\n<p>&nbsp;<\/p>\n<p>A Banda Morisca lan\u00e7ou seu \u00e1lbum de estreia hom\u00f4nimo em 2013. Ele foi seguido por Algarabya em 2016 e Gitana Mora em 2020. Entre 2016 e 2019, a banda se apresentou em alguns dos festivais e locais mais importantes do mundo, incluindo o SXSW, o New York Flamenco Festival, o Arab World Festival em Montreal, o Small World Music Center em Toronto, o New England Conservatory em Boston, a Old Town School of Folk Music em Chicago, o Miami Dade College, o Miami Flamenco Festival, o Festival de M\u00fasicas del Mundo em Havana, Festival Internacional de Merzouga, L&#8217;Institut du Monde Arabe de Paris, Festival des Musiques M\u00e9tisses de Angoul\u00eame, Pavilh\u00e3o Espanhol na Exposi\u00e7\u00e3o Universal de Astana 2017, Festival Sharq Taronalari em Samarkand, onde receberam o Pr\u00eamio do J\u00fari do Festival, WOMEX 2017 em Katowice, Fira Mediterrania, Festival de Krems e Festival Sziget em Budapeste.<\/p>\n<p>&nbsp;<\/p>\n<p>La Banda Morisca foi vencedora do programa Iberm\u00fasicas de Subs\u00eddios para Circula\u00e7\u00e3o nos EUA, em colabora\u00e7\u00e3o com a Mid Atlantic Arts.<\/p>\n<ul>\n<li>Sexta-feira, 3 de novembro, 19:30h: Weis Center Concert Hall, Lewisburg, Pensilv\u00e2nia, EUA<\/li>\n<li>S\u00e1bado, 4 de novembro, 20h: XIX Fuego Flamenco Festival, Gala Hispoanic Theatre, Washington DC, EUA<\/li>\n<li>Domingo, 5 de novembro, 14h: XIX Fuego Flamenco Festival, Gala Hispoanic Theatre, Washington DC, EUA<\/li>\n<\/ul>\n","protected":false},"excerpt":{"rendered":"<p>Formada por m\u00fasicos de C\u00e1diz, na Espanha, com diferentes forma\u00e7\u00f5es profissionais, a m\u00fasica de La Banda Morisca \u00e9 uma converg\u00eancia de ra\u00edzes e m\u00fasica tradicional com o desejo de vivenciar e evocar a heran\u00e7a cultural da antiga Al-Andalus e o legado que ela deixou na m\u00fasica executada hoje na Andaluzia, no Magrebe e no Oriente [&hellip;]<\/p>\n","protected":false},"author":7,"featured_media":17183,"comment_status":"closed","ping_status":"closed","sticky":false,"template":"","format":"standard","meta":{"footnotes":""},"categories":[218],"tags":[],"class_list":["post-17185","post","type-post","status-publish","format-standard","has-post-thumbnail","hentry","category-noticias-generales-pt"],"lang":"pt","translations":{"pt":17185,"es":17182},"pll_sync_post":[],"post_mailing_queue_ids":[],"_links":{"self":[{"href":"http:\/\/staging.ibermusicas.org\/index.php\/wp-json\/wp\/v2\/posts\/17185","targetHints":{"allow":["GET"]}}],"collection":[{"href":"http:\/\/staging.ibermusicas.org\/index.php\/wp-json\/wp\/v2\/posts"}],"about":[{"href":"http:\/\/staging.ibermusicas.org\/index.php\/wp-json\/wp\/v2\/types\/post"}],"author":[{"embeddable":true,"href":"http:\/\/staging.ibermusicas.org\/index.php\/wp-json\/wp\/v2\/users\/7"}],"replies":[{"embeddable":true,"href":"http:\/\/staging.ibermusicas.org\/index.php\/wp-json\/wp\/v2\/comments?post=17185"}],"version-history":[{"count":1,"href":"http:\/\/staging.ibermusicas.org\/index.php\/wp-json\/wp\/v2\/posts\/17185\/revisions"}],"predecessor-version":[{"id":17186,"href":"http:\/\/staging.ibermusicas.org\/index.php\/wp-json\/wp\/v2\/posts\/17185\/revisions\/17186"}],"wp:featuredmedia":[{"embeddable":true,"href":"http:\/\/staging.ibermusicas.org\/index.php\/wp-json\/wp\/v2\/media\/17183"}],"wp:attachment":[{"href":"http:\/\/staging.ibermusicas.org\/index.php\/wp-json\/wp\/v2\/media?parent=17185"}],"wp:term":[{"taxonomy":"category","embeddable":true,"href":"http:\/\/staging.ibermusicas.org\/index.php\/wp-json\/wp\/v2\/categories?post=17185"},{"taxonomy":"post_tag","embeddable":true,"href":"http:\/\/staging.ibermusicas.org\/index.php\/wp-json\/wp\/v2\/tags?post=17185"}],"curies":[{"name":"wp","href":"https:\/\/api.w.org\/{rel}","templated":true}]}}