{"id":17191,"date":"2023-10-30T18:45:21","date_gmt":"2023-10-30T18:45:21","guid":{"rendered":"http:\/\/staging.ibermusicas.org\/?p=17191"},"modified":"2023-11-16T12:55:14","modified_gmt":"2023-11-16T12:55:14","slug":"el-foro-de-independientes-de-la-comunidad-andina-visitara-colombia-peru-ecuador-y-bolivia-en-noviembre","status":"publish","type":"post","link":"http:\/\/staging.ibermusicas.org\/index.php\/el-foro-de-independientes-de-la-comunidad-andina-visitara-colombia-peru-ecuador-y-bolivia-en-noviembre\/","title":{"rendered":"El Foro de Independientes de la Comunidad Andina visitar\u00e1 Colombia, Per\u00fa, Ecuador y Bolivia en noviembre"},"content":{"rendered":"<p>El Foro de Independientes de la Comunidad Andina (FICA) es un encuentro itinerante de profesionales del sector musical impulsado por WIN y la Red LatAm que tendr\u00e1 lugar en cuatro pa\u00edses: Colombia, Per\u00fa, Ecuador y Bolivia.<\/p>\n<p>&nbsp;<\/p>\n<p>FICA continua el trabajo de WIN en la cooperaci\u00f3n interregional, el di\u00e1logo y el intercambio de conocimientos entre profesionales latinoamericanos. El encuentro itinerante contar\u00e1 con una delegaci\u00f3n de las asociaciones sectoriales de los independientes de Argentina, Chile y Paraguay. Las actividades se programar\u00e1n en el marco de Circulart (Medell\u00edn, Colombia) y VMF Pro (Lima, Per\u00fa), adem\u00e1s de otras sedes en Ecuador y Bolivia.<\/p>\n<p>&nbsp;<\/p>\n<p>Tras el \u00e9xito del Foro de Independientes del Cono Sur (FICS) de 2022, que supuso el punto de partida para la creaci\u00f3n de la asociaci\u00f3n AMI Paraguay, FICA visitar\u00e1 cuatro nuevos pa\u00edses para realizar talleres, charlas, presentaciones y encuentros de networking. En el marco del proyecto tambi\u00e9n se organizar\u00e1 una reuni\u00f3n presencial de la Red LatAm, el grupo de trabajo que coordina WIN para el sector de la m\u00fasica independiente en Am\u00e9rica Latina.<\/p>\n<p>&nbsp;<\/p>\n<p>Entre los principales objetivos se busca fomentar la asociatividad y la creaci\u00f3n de redes interregionales, promoviendo la cooperaci\u00f3n, el di\u00e1logo y el intercambio de conocimientos entre los profesionales del sector musical, con especial foco en las peque\u00f1as empresas. Adem\u00e1s, persigue contribuir al desarrollo econ\u00f3mico de la industria musical de la regi\u00f3n y a su integraci\u00f3n en las cadenas de valor mundial.<\/p>\n<p>&nbsp;<\/p>\n<p>Noem\u00ed Planas, CEO de WIN, comenta: <em>\u201cUn sector independiente vertebrado es clave para que los profesionales y las empresas latinoamericanas puedan reivindicar un mejor campo de juego e integrarse a las cadenas de valor internacionales. La experiencia de primera mano de las personas que han logrado sacar adelante con \u00e9xito asociaciones sectoriales de m\u00fasica grabada en otros pa\u00edses de la regi\u00f3n ser\u00e1 clave para promover la asociatividad y la capacitaci\u00f3n de los profesionales en los mercados de la subregi\u00f3n andina.\u201d<\/em><\/p>\n<p>&nbsp;<\/p>\n<p>Lucas Tori\u00f1o, presidente de AMI Paraguay comenta: <em>\u201cEl FICS celebrado en noviembre de 2022 fue en nuestro caso lo m\u00e1s efectivo para impulsar el proceso de trabajo y seis meses despu\u00e9s fundar el gremio AMI PY (Asociaci\u00f3n de la M\u00fasica Independiente del Paraguay). Deseamos que suceda lo mismo en la Comunidad Andina, cuyos profesionales cuentan en breve con la oportunidad de participar en similares actividades, esta vez, el FICA.\u201d<\/em><\/p>\n<p>&nbsp;<\/p>\n<p>Participar\u00e1n del FIC: Noem\u00ed Planas Var\u00f3n (WIN, Espa\u00f1a), Cecilia Crespo (ASIAr, Argentina), Francisca Sandoval Scheggia (IMICHILE, Chile),\u00a0 Fabi\u00e1n Andr\u00e9s Gonzalez Amado \u201cTweety Gonz\u00e1lez\u201d (ASIAr, Argentina), Lucas Tori\u00f1o (AMI PY, Paraguay), Mark Guillermo Meyer (AMI PY, Paraguay) y Germ\u00e1n Andr\u00e9s Torres Medino (IMICHILE, Chile).<\/p>\n<p>&nbsp;<\/p>\n<ul>\n<li>8 al 11 de noviembre, Circulart, Medell\u00edn, Colombia<\/li>\n<li>14 y 14 de noviembre, VMF PRO, Lima, Per\u00fa<\/li>\n<li>16 y 17 de noviembre, Quito, Ecuador<\/li>\n<li>21 y 22 de noviembre, Bolivia Musica Awards, Santa Cruz de la Sierra, Bolivia<\/li>\n<\/ul>\n<p>&nbsp;<\/p>\n<p>M\u00e1s informaci\u00f3n en: <a href=\"http:\/\/www.winformusic.com\/fics\">www.winformusic.com\/fics<\/a><\/p>\n","protected":false},"excerpt":{"rendered":"<p>El Foro de Independientes de la Comunidad Andina (FICA) es un encuentro itinerante de profesionales del sector musical impulsado por WIN y la Red LatAm que tendr\u00e1 lugar en cuatro pa\u00edses: Colombia, Per\u00fa, Ecuador y Bolivia. &nbsp; FICA continua el trabajo de WIN en la cooperaci\u00f3n interregional, el di\u00e1logo y el intercambio de conocimientos entre [&hellip;]<\/p>\n","protected":false},"author":7,"featured_media":17192,"comment_status":"closed","ping_status":"closed","sticky":false,"template":"","format":"standard","meta":{"footnotes":""},"categories":[53],"tags":[],"class_list":["post-17191","post","type-post","status-publish","format-standard","has-post-thumbnail","hentry","category-noticias-generales"],"lang":"es","translations":{"es":17191,"pt":17195},"pll_sync_post":[],"post_mailing_queue_ids":[],"_links":{"self":[{"href":"http:\/\/staging.ibermusicas.org\/index.php\/wp-json\/wp\/v2\/posts\/17191","targetHints":{"allow":["GET"]}}],"collection":[{"href":"http:\/\/staging.ibermusicas.org\/index.php\/wp-json\/wp\/v2\/posts"}],"about":[{"href":"http:\/\/staging.ibermusicas.org\/index.php\/wp-json\/wp\/v2\/types\/post"}],"author":[{"embeddable":true,"href":"http:\/\/staging.ibermusicas.org\/index.php\/wp-json\/wp\/v2\/users\/7"}],"replies":[{"embeddable":true,"href":"http:\/\/staging.ibermusicas.org\/index.php\/wp-json\/wp\/v2\/comments?post=17191"}],"version-history":[{"count":1,"href":"http:\/\/staging.ibermusicas.org\/index.php\/wp-json\/wp\/v2\/posts\/17191\/revisions"}],"predecessor-version":[{"id":17193,"href":"http:\/\/staging.ibermusicas.org\/index.php\/wp-json\/wp\/v2\/posts\/17191\/revisions\/17193"}],"wp:featuredmedia":[{"embeddable":true,"href":"http:\/\/staging.ibermusicas.org\/index.php\/wp-json\/wp\/v2\/media\/17192"}],"wp:attachment":[{"href":"http:\/\/staging.ibermusicas.org\/index.php\/wp-json\/wp\/v2\/media?parent=17191"}],"wp:term":[{"taxonomy":"category","embeddable":true,"href":"http:\/\/staging.ibermusicas.org\/index.php\/wp-json\/wp\/v2\/categories?post=17191"},{"taxonomy":"post_tag","embeddable":true,"href":"http:\/\/staging.ibermusicas.org\/index.php\/wp-json\/wp\/v2\/tags?post=17191"}],"curies":[{"name":"wp","href":"https:\/\/api.w.org\/{rel}","templated":true}]}}