{"id":17194,"date":"2023-10-30T18:48:33","date_gmt":"2023-10-30T18:48:33","guid":{"rendered":"http:\/\/staging.ibermusicas.org\/?p=17194"},"modified":"2023-10-30T18:49:15","modified_gmt":"2023-10-30T18:49:15","slug":"el-quinteto-centroamericano-realizara-su-gira-periferias-por-universidades-mexicanas-4","status":"publish","type":"post","link":"http:\/\/staging.ibermusicas.org\/index.php\/el-quinteto-centroamericano-realizara-su-gira-periferias-por-universidades-mexicanas-4\/","title":{"rendered":"El Quinteto Centroamericano realizar\u00e1 su gira \u201cPeriferias\u201d por universidades mexicanas"},"content":{"rendered":"<p>El quinteto centroamericano est\u00e1 constituido por algunos de los m\u00fasicos con mayor proyecci\u00f3n de la regi\u00f3n centroamericana, con los guitarristas Andr\u00e9s Sabor\u00edo, David Calder\u00f3n y Adri\u00e1n Montero de Costa Rica, el contrabajista Luis V\u00e9liz de Guatemala y la cellista Ileana Rivera del Salvador.<\/p>\n<p>&nbsp;<\/p>\n<p>Dentro de los intereses primordiales del quinteto est\u00e1 la difusi\u00f3n y programaci\u00f3n de m\u00fasica contempor\u00e1nea y establecer repertorio para el ensamble colaborando con los compositores y compositoras de la regi\u00f3n y de otras latitudes. El quinteto se form\u00f3 en el a\u00f1o 2022 bajo la iniciativa del guitarrista costarricense Adri\u00e1n Montero con la intenci\u00f3n de realizar una gira en homenaje a la compositora nonagenaria Sof\u00eda Gubaidulina. El homenaje consist\u00eda en tocar parte del cat\u00e1logo escrito para y con la guitarra, tocando sus obras solistas para este instrumento y\u00a0 \u201cRepentance\u201d, escrita para un quinteto muy particular de Cello, contrabajo y tres guitarras.<\/p>\n<p>&nbsp;<\/p>\n<p>Las periferias son las zonas inmediatas que rodean un espacio en particular, pero son m\u00e1s que espacios geogr\u00e1ficos, son tambi\u00e9n pol\u00edticos, econ\u00f3micos y culturales. Occidente al ser una potencia ha estado en el juego de ir y venir con las periferias, desdibujando y reescribiendo muchas veces que entra y que sale de ellas, dejando en una especie de clandestinidad todo aquello que no quepa dentro de estos l\u00edmites hegem\u00f3nicos. Afortunadamente hoy en d\u00eda estos l\u00edmites poco a poco se van abriendo y cada d\u00eda parecen m\u00e1s difusos e inclusivos, es as\u00ed como la voz de grandes personalidades tienen cada vez m\u00e1s relevancia en el imaginario global. \u201cPeriferia\u201d es un programa que aborda los imaginarios sonoros de las periferias, tanto desde el viejo mundo como del nuevo mundo. Periferia viene a buscar crear esos puentes de di\u00e1logos tan necesarios en la actualidad, porque a pesar de estar tan conectados y teniendo la capacidad de comunicarnos por todo el mundo en tiempo real, las divisiones se hacen cada vez m\u00e1s grandes y profundas, por lo que parte importante del proyecto es tambi\u00e9n ofrecer talleres, clases maestras y espacio para una discusi\u00f3n sana de quienes somos por medio de la m\u00fasica.<\/p>\n<p>&nbsp;<\/p>\n<p>\u201cPeriferias\u201d del Quinteto Centroamericano realizar\u00e1 su gira con el apoyo de Iberm\u00fasicas mediante sus Ayudas al Sector Musical para la Circulaci\u00f3n.<\/p>\n<p>&nbsp;<\/p>\n<ul>\n<li>Martes 7 de noviembre, 19h: SEMUC, UNAM, Ciudad de M\u00e9xico<\/li>\n<li>Martes 14 de noviembre, 19h: Universidad Veracruzana, Xalapa, M\u00e9xico<\/li>\n<\/ul>\n","protected":false},"excerpt":{"rendered":"<p>El quinteto centroamericano est\u00e1 constituido por algunos de los m\u00fasicos con mayor proyecci\u00f3n de la regi\u00f3n centroamericana, con los guitarristas Andr\u00e9s Sabor\u00edo, David Calder\u00f3n y Adri\u00e1n Montero de Costa Rica, el contrabajista Luis V\u00e9liz de Guatemala y la cellista Ileana Rivera del Salvador. &nbsp; Dentro de los intereses primordiales del quinteto est\u00e1 la difusi\u00f3n y [&hellip;]<\/p>\n","protected":false},"author":7,"featured_media":17081,"comment_status":"closed","ping_status":"closed","sticky":false,"template":"","format":"standard","meta":{"footnotes":""},"categories":[53],"tags":[],"class_list":["post-17194","post","type-post","status-publish","format-standard","has-post-thumbnail","hentry","category-noticias-generales"],"lang":"es","translations":{"es":17194,"pt":17187},"pll_sync_post":[],"post_mailing_queue_ids":[],"_links":{"self":[{"href":"http:\/\/staging.ibermusicas.org\/index.php\/wp-json\/wp\/v2\/posts\/17194","targetHints":{"allow":["GET"]}}],"collection":[{"href":"http:\/\/staging.ibermusicas.org\/index.php\/wp-json\/wp\/v2\/posts"}],"about":[{"href":"http:\/\/staging.ibermusicas.org\/index.php\/wp-json\/wp\/v2\/types\/post"}],"author":[{"embeddable":true,"href":"http:\/\/staging.ibermusicas.org\/index.php\/wp-json\/wp\/v2\/users\/7"}],"replies":[{"embeddable":true,"href":"http:\/\/staging.ibermusicas.org\/index.php\/wp-json\/wp\/v2\/comments?post=17194"}],"version-history":[{"count":1,"href":"http:\/\/staging.ibermusicas.org\/index.php\/wp-json\/wp\/v2\/posts\/17194\/revisions"}],"predecessor-version":[{"id":17196,"href":"http:\/\/staging.ibermusicas.org\/index.php\/wp-json\/wp\/v2\/posts\/17194\/revisions\/17196"}],"wp:featuredmedia":[{"embeddable":true,"href":"http:\/\/staging.ibermusicas.org\/index.php\/wp-json\/wp\/v2\/media\/17081"}],"wp:attachment":[{"href":"http:\/\/staging.ibermusicas.org\/index.php\/wp-json\/wp\/v2\/media?parent=17194"}],"wp:term":[{"taxonomy":"category","embeddable":true,"href":"http:\/\/staging.ibermusicas.org\/index.php\/wp-json\/wp\/v2\/categories?post=17194"},{"taxonomy":"post_tag","embeddable":true,"href":"http:\/\/staging.ibermusicas.org\/index.php\/wp-json\/wp\/v2\/tags?post=17194"}],"curies":[{"name":"wp","href":"https:\/\/api.w.org\/{rel}","templated":true}]}}