{"id":17195,"date":"2023-10-30T18:50:24","date_gmt":"2023-10-30T18:50:24","guid":{"rendered":"http:\/\/staging.ibermusicas.org\/?p=17195"},"modified":"2023-11-16T12:59:08","modified_gmt":"2023-11-16T12:59:08","slug":"o-foro-de-independientes-de-la-comunidad-andina-fica-visitara-a-colombia-o-peru-o-equador-e-a-bolivia-em-novembro","status":"publish","type":"post","link":"http:\/\/staging.ibermusicas.org\/index.php\/o-foro-de-independientes-de-la-comunidad-andina-fica-visitara-a-colombia-o-peru-o-equador-e-a-bolivia-em-novembro\/","title":{"rendered":"O Foro de Independientes de la Comunidad Andina (FICA) visitar\u00e1 a Col\u00f4mbia, o Peru, o Equador e a Bol\u00edvia em novembro"},"content":{"rendered":"<p>O Foro de Independientes de la Comunidad Andina (FICA) \u00e9 um encontro itinerante de profissionais do setor musical promovido pela WIN e pela LatAm Network que ser\u00e1 realizado em quatro pa\u00edses: Col\u00f4mbia, Peru, Equador e Bol\u00edvia.<\/p>\n<p>&nbsp;<\/p>\n<p>O FICA d\u00e1 continuidade ao trabalho da WIN na coopera\u00e7\u00e3o inter-regional, no di\u00e1logo e na troca de conhecimentos entre profissionais da Am\u00e9rica Latina. A reuni\u00e3o itinerante contar\u00e1 com a participa\u00e7\u00e3o de uma delega\u00e7\u00e3o de associa\u00e7\u00f5es do setor de freelancers da Argentina, Chile e Paraguai. As atividades ser\u00e3o programadas no \u00e2mbito da Circulart (Medell\u00edn, Col\u00f4mbia) e da VMF Pro (Lima, Peru), bem como em outros locais no Equador e na Bol\u00edvia.<\/p>\n<p>&nbsp;<\/p>\n<p>Ap\u00f3s o sucesso do Foro de Independientes del Cono Sur (FICS) em 2022, que foi o ponto de partida para a cria\u00e7\u00e3o da associa\u00e7\u00e3o AMI Paraguai, o FICA visitar\u00e1 quatro novos pa\u00edses para workshops, palestras, apresenta\u00e7\u00f5es e reuni\u00f5es de networking. O projeto tamb\u00e9m organizar\u00e1 uma reuni\u00e3o presencial da LatAm Network, o grupo de trabalho coordenado pela WIN para o setor de m\u00fasica independente na Am\u00e9rica Latina.<\/p>\n<p>&nbsp;<\/p>\n<p>Entre os principais objetivos est\u00e1 o de incentivar o associativismo e a cria\u00e7\u00e3o de redes inter-regionais, promovendo a coopera\u00e7\u00e3o, o di\u00e1logo e a troca de conhecimentos entre os profissionais do setor musical, com foco especial nas pequenas empresas. Tamb\u00e9m visa contribuir para o desenvolvimento econ\u00f4mico do setor musical da regi\u00e3o e sua integra\u00e7\u00e3o nas cadeias globais de valor.<\/p>\n<p>&nbsp;<\/p>\n<p>Noem\u00ed Planas, CEO da WIN, comenta: <em>\u00abUm setor independente estruturado \u00e9 fundamental para que os profissionais e as empresas latino-americanas possam reivindicar um campo de atua\u00e7\u00e3o melhor e se integrar \u00e0s cadeias de valor internacionais. A experi\u00eancia em primeira m\u00e3o das pessoas que conseguiram criar associa\u00e7\u00f5es do setor de m\u00fasica gravada em outros pa\u00edses da regi\u00e3o ser\u00e1 fundamental para promover a associatividade e a capacita\u00e7\u00e3o de profissionais nos mercados da sub-regi\u00e3o andina\u00bb.<\/em><\/p>\n<p>&nbsp;<\/p>\n<p>Lucas Tori\u00f1o, presidente da AMI Paraguai, comenta: <em>\u00abO FICS realizado em novembro de 2022 foi, em nosso caso, a maneira mais eficaz de promover o processo de trabalho e, seis meses depois, fundar a AMI PY (Asociaci\u00f3n de la M\u00fasica Independiente del Paraguay). Esperamos que o mesmo aconte\u00e7a na Comunidade Andina, cujos profissionais logo ter\u00e3o a oportunidade de participar de atividades semelhantes, desta vez, o FICA\u00bb.<\/em><\/p>\n<p>&nbsp;<\/p>\n<p>Participar\u00e3o do FIC: Noem\u00ed Planas Var\u00f3n (WIN, Espanha), Cecilia Crespo (ASIAr, Argentina), Francisca Sandoval Scheggia (IMICHILE, Chile), Fabi\u00e1n Andr\u00e9s Gonzalez Amado \u00abTweety Gonz\u00e1lez\u00bb (ASIAr, Argentina), Lucas Tori\u00f1o (AMI PY, Paraguai), Mark Guillermo Meyer (AMI PY, Paraguai) e Germ\u00e1n Andr\u00e9s Torres Medino (IMICHILE, Chile).<\/p>\n<p>&nbsp;<\/p>\n<ul>\n<li>8-11 de novembro, Circulart, Medell\u00edn, Col\u00f4mbia<\/li>\n<li>14-14 de novembro, VMF PRO, Lima, Peru<\/li>\n<li>16 e 17 de novembro, Quito, Equador<\/li>\n<li>21 e 22 de novembro, Bolivia Musica Awards, Santa Cruz de la Sierra, Bol\u00edvia<\/li>\n<\/ul>\n<p>&nbsp;<\/p>\n<p>Mais informa\u00e7\u00f5es em: <a href=\"http:\/\/www.winformusic.com\/fics\">www.winformusic.com\/fics<\/a><\/p>\n","protected":false},"excerpt":{"rendered":"<p>O Foro de Independientes de la Comunidad Andina (FICA) \u00e9 um encontro itinerante de profissionais do setor musical promovido pela WIN e pela LatAm Network que ser\u00e1 realizado em quatro pa\u00edses: Col\u00f4mbia, Peru, Equador e Bol\u00edvia. &nbsp; O FICA d\u00e1 continuidade ao trabalho da WIN na coopera\u00e7\u00e3o inter-regional, no di\u00e1logo e na troca de conhecimentos [&hellip;]<\/p>\n","protected":false},"author":7,"featured_media":17192,"comment_status":"closed","ping_status":"closed","sticky":false,"template":"","format":"standard","meta":{"footnotes":""},"categories":[218],"tags":[],"class_list":["post-17195","post","type-post","status-publish","format-standard","has-post-thumbnail","hentry","category-noticias-generales-pt"],"lang":"pt","translations":{"pt":17195,"es":17191},"pll_sync_post":[],"post_mailing_queue_ids":[],"_links":{"self":[{"href":"http:\/\/staging.ibermusicas.org\/index.php\/wp-json\/wp\/v2\/posts\/17195","targetHints":{"allow":["GET"]}}],"collection":[{"href":"http:\/\/staging.ibermusicas.org\/index.php\/wp-json\/wp\/v2\/posts"}],"about":[{"href":"http:\/\/staging.ibermusicas.org\/index.php\/wp-json\/wp\/v2\/types\/post"}],"author":[{"embeddable":true,"href":"http:\/\/staging.ibermusicas.org\/index.php\/wp-json\/wp\/v2\/users\/7"}],"replies":[{"embeddable":true,"href":"http:\/\/staging.ibermusicas.org\/index.php\/wp-json\/wp\/v2\/comments?post=17195"}],"version-history":[{"count":1,"href":"http:\/\/staging.ibermusicas.org\/index.php\/wp-json\/wp\/v2\/posts\/17195\/revisions"}],"predecessor-version":[{"id":17197,"href":"http:\/\/staging.ibermusicas.org\/index.php\/wp-json\/wp\/v2\/posts\/17195\/revisions\/17197"}],"wp:featuredmedia":[{"embeddable":true,"href":"http:\/\/staging.ibermusicas.org\/index.php\/wp-json\/wp\/v2\/media\/17192"}],"wp:attachment":[{"href":"http:\/\/staging.ibermusicas.org\/index.php\/wp-json\/wp\/v2\/media?parent=17195"}],"wp:term":[{"taxonomy":"category","embeddable":true,"href":"http:\/\/staging.ibermusicas.org\/index.php\/wp-json\/wp\/v2\/categories?post=17195"},{"taxonomy":"post_tag","embeddable":true,"href":"http:\/\/staging.ibermusicas.org\/index.php\/wp-json\/wp\/v2\/tags?post=17195"}],"curies":[{"name":"wp","href":"https:\/\/api.w.org\/{rel}","templated":true}]}}