{"id":17201,"date":"2023-10-30T18:54:02","date_gmt":"2023-10-30T18:54:02","guid":{"rendered":"http:\/\/staging.ibermusicas.org\/?p=17201"},"modified":"2023-11-16T12:59:02","modified_gmt":"2023-11-16T12:59:02","slug":"a-cargo-do-centro-mexicano-para-a-musica-e-as-artes-sonoras-e-do-ensamble-mexicano-8xradio-estara-a-estreia-de-space-junk-de-lucas-fagin-vencedor-do-1o-concurso-ibermusicas-para-orquestra-de-cord","status":"publish","type":"post","link":"http:\/\/staging.ibermusicas.org\/index.php\/a-cargo-do-centro-mexicano-para-a-musica-e-as-artes-sonoras-e-do-ensamble-mexicano-8xradio-estara-a-estreia-de-space-junk-de-lucas-fagin-vencedor-do-1o-concurso-ibermusicas-para-orquestra-de-cord\/","title":{"rendered":"A cargo do Centro Mexicano para a M\u00fasica e as Artes Sonoras e do Ensamble Mexicano 8xRadio estar\u00e1 a estreia de \u00abSpace Junk\u00bb de Lucas Fagin, vencedor do 1\u00ba Concurso Iberm\u00fasicas para orquestra de cordas"},"content":{"rendered":"<p>Space-Junk \u00e9 uma obra criada para 22 cordas espacializadas espalhadas pelo p\u00fablico, tendo como ponto de refer\u00eancia o modelo de dispositivo espacial pr\u00e9-existente de Terretektorh para 88 m\u00fasicos, de Iannis Xenakis. Uma das principais linhas de for\u00e7a do projeto foi a constru\u00e7\u00e3o de uma espacializa\u00e7\u00e3o de precis\u00e3o quase electroac\u00fastica, com 22 m\u00fasicos espalhados pelo p\u00fablico como se fossem 22 alto falantes.<\/p>\n<p>&nbsp;<\/p>\n<p>Este dispositivo ou m\u00e1quina espacial permite a constru\u00e7\u00e3o de \u00f3rbitas, a ocupa\u00e7\u00e3o progressiva do espa\u00e7o, a cria\u00e7\u00e3o de efeitos de perspetiva e contrapontos espaciais, traject\u00f3rias sobrepostas e corpos sonoros simult\u00e2neos. A obra \u00e9 semelhante ao que se pode fazer com uma obra electroac\u00fastica, mas constru\u00edda apenas com instrumentos ac\u00fasticos e produzindo resultados bastante diferentes. A escrita foi um grande desafio, um labirinto. N\u00e3o h\u00e1 um \u00fanico som que n\u00e3o tenha sido concebido e colocado dentro da l\u00f3gica espacial da obra.<\/p>\n<p>&nbsp;<\/p>\n<p>Em Space-Junk, o som \u00e9 sempre argila, pl\u00e1stico, manipulado, esticado, condensado, fragmentado,<\/p>\n<p>colidido, implodido, etc. Este barro \u00e9 filtrado ao longo da obra atrav\u00e9s de moldes para criar uma m\u00fasica quase t\u00e1til.<\/p>\n<p>&nbsp;<\/p>\n<p>O compositor argentino Lucas Fagin, nascido em 1980, iniciou a sua forma\u00e7\u00e3o musical como um outsider do mundo acad\u00e9mico, estudando composi\u00e7\u00e3o, piano e guitarra el\u00e9ctrica sob a tutela do compositor Daniel Montes, do guitarrista Ricardo Mart\u00ednez e do pianista Aldo Antognazzi. Em 2003, mudou-se para Fran\u00e7a, onde estudou composi\u00e7\u00e3o no Conservat\u00f3rio de Paris com Marco Stroppa, Stefano Gervasoni e Luis Na\u00f3n.<\/p>\n<p>&nbsp;<\/p>\n<p>Em 2009, paralelamente \u00e0s suas actividades como compositor, co-fundou a BabelScores, uma biblioteca e base de dados de m\u00fasica digital, juntamente com o compositor Pedro Garc\u00eda-Velasquez.<\/p>\n<p>&nbsp;<\/p>\n<p>Recebeu importantes encomendas do Ensemble InterContemporain em 2011 e 2020, do Estado franc\u00eas em 2012 e 2018, do Teatro Col\u00f3n de Buenos Aires em 2011 e 2018, bem como da Radio France em 2015 e 2020. De 2016 a 2017, foi artista residente na Acad\u00e9mie de France. Madrid, Casa de Vel\u00e1zquez.<\/p>\n<p>&nbsp;<\/p>\n<p>Ganhou v\u00e1rios concursos e pr\u00e9mios musicais, come\u00e7ando em 2006 com o Concurso Internacional de Composi\u00e7\u00e3o para M\u00fasica Electroac\u00fastica Diffusion 2006, CCMCM do Centro de Musicologia Computacional e M\u00fasica Computacional na Irlanda. Ganhou o Pr\u00e9mio da Funda\u00e7\u00e3o Roux et Tronchets atribu\u00eddo pela Academia Francesa de Belas Artes em 2009. Lucas Fagin foi tamb\u00e9m galardoado com o Pr\u00e9mio Tremplin em 2010, atribu\u00eddo pelo Ensemble InterContemporain e pelo IRCAM. Em 2015, ganhou o Pr\u00e9mio Iberm\u00fasicas para a composi\u00e7\u00e3o de uma obra para orquestra de cordas.<\/p>\n<p>&nbsp;<\/p>\n<p>&nbsp;<\/p>\n<p>9 de novembro, 19h no Auditorio CMMAS, Av Morelos Nte 485, Centro hist\u00f3rico de Morelia, M\u00e9xico. Entrada livre. Lugares limitados<\/p>\n","protected":false},"excerpt":{"rendered":"<p>Space-Junk \u00e9 uma obra criada para 22 cordas espacializadas espalhadas pelo p\u00fablico, tendo como ponto de refer\u00eancia o modelo de dispositivo espacial pr\u00e9-existente de Terretektorh para 88 m\u00fasicos, de Iannis Xenakis. Uma das principais linhas de for\u00e7a do projeto foi a constru\u00e7\u00e3o de uma espacializa\u00e7\u00e3o de precis\u00e3o quase electroac\u00fastica, com 22 m\u00fasicos espalhados pelo p\u00fablico [&hellip;]<\/p>\n","protected":false},"author":7,"featured_media":17199,"comment_status":"closed","ping_status":"closed","sticky":false,"template":"","format":"standard","meta":{"footnotes":""},"categories":[218],"tags":[],"class_list":["post-17201","post","type-post","status-publish","format-standard","has-post-thumbnail","hentry","category-noticias-generales-pt"],"lang":"pt","translations":{"pt":17201,"es":17198},"pll_sync_post":[],"post_mailing_queue_ids":[],"_links":{"self":[{"href":"http:\/\/staging.ibermusicas.org\/index.php\/wp-json\/wp\/v2\/posts\/17201","targetHints":{"allow":["GET"]}}],"collection":[{"href":"http:\/\/staging.ibermusicas.org\/index.php\/wp-json\/wp\/v2\/posts"}],"about":[{"href":"http:\/\/staging.ibermusicas.org\/index.php\/wp-json\/wp\/v2\/types\/post"}],"author":[{"embeddable":true,"href":"http:\/\/staging.ibermusicas.org\/index.php\/wp-json\/wp\/v2\/users\/7"}],"replies":[{"embeddable":true,"href":"http:\/\/staging.ibermusicas.org\/index.php\/wp-json\/wp\/v2\/comments?post=17201"}],"version-history":[{"count":1,"href":"http:\/\/staging.ibermusicas.org\/index.php\/wp-json\/wp\/v2\/posts\/17201\/revisions"}],"predecessor-version":[{"id":17202,"href":"http:\/\/staging.ibermusicas.org\/index.php\/wp-json\/wp\/v2\/posts\/17201\/revisions\/17202"}],"wp:featuredmedia":[{"embeddable":true,"href":"http:\/\/staging.ibermusicas.org\/index.php\/wp-json\/wp\/v2\/media\/17199"}],"wp:attachment":[{"href":"http:\/\/staging.ibermusicas.org\/index.php\/wp-json\/wp\/v2\/media?parent=17201"}],"wp:term":[{"taxonomy":"category","embeddable":true,"href":"http:\/\/staging.ibermusicas.org\/index.php\/wp-json\/wp\/v2\/categories?post=17201"},{"taxonomy":"post_tag","embeddable":true,"href":"http:\/\/staging.ibermusicas.org\/index.php\/wp-json\/wp\/v2\/tags?post=17201"}],"curies":[{"name":"wp","href":"https:\/\/api.w.org\/{rel}","templated":true}]}}