{"id":17209,"date":"2023-10-30T19:48:18","date_gmt":"2023-10-30T19:48:18","guid":{"rendered":"http:\/\/staging.ibermusicas.org\/?p=17209"},"modified":"2023-11-16T12:55:26","modified_gmt":"2023-11-16T12:55:26","slug":"jaume-vilaseca-trio-de-espana-presenta-en-colombia-tarkology-un-concierto-dedicado-a-la-obra-de-keith-emerson","status":"publish","type":"post","link":"http:\/\/staging.ibermusicas.org\/index.php\/jaume-vilaseca-trio-de-espana-presenta-en-colombia-tarkology-un-concierto-dedicado-a-la-obra-de-keith-emerson\/","title":{"rendered":"Jaume Vilaseca Tr\u00edo de Espa\u00f1a presenta en Colombia \u201cTarkology\u201d, un concierto dedicado a la obra de Keith Emerson"},"content":{"rendered":"<p>Navegando hacia aquellos oc\u00e9anos gal\u00e1cticos, \u00e9picos y mitol\u00f3gicos tan fastuosos, a veces barrocos y hasta esquizofr\u00e9nicos de un estilo de m\u00fasica que explot\u00f3 en el rock de principios de los 70 para muy pronto desvanecerse, Jaume Vilaseca Tr\u00edo reconoce haber encontrado un tesoro en la m\u00fasica creada por Keith Emerson con su agrupaci\u00f3n Emerson, Lake &amp; Palmer. Una m\u00fasica y un repertorio demasiado ligados a un contexto, que sin embargo pueden interpretarse con la naturalidad de un tr\u00edo de jazz experimentado, y convertirse en un set list renovado que pueda por un lado emocionar al fan enamorado de tales diamantes, como por otro sorprender al joven o aquel que nunca se ha acercado por estos lares.<\/p>\n<p>&nbsp;<\/p>\n<p>Las composiciones brillan en su viraje m\u00e1s jazz\u00edstico con bellos pasajes y espacios sonoros que son un regalo para la improvisaci\u00f3n. Todo ello sin olvidarse de algunos experimentos vibrantes en forma de fuga, del protagonismo sorprendente de la percusi\u00f3n, o de algunas melod\u00edas eternas del poeta Lake.<\/p>\n<p>&nbsp;<\/p>\n<p>Tras una larga y fruct\u00edfera inmersi\u00f3n en las joyas de La corona del grupo \u201cGenesis\u201d (\u00e9poca Peter Gabriel) con tres vol\u00famenes del proyecto JAZZNESIS, el tr\u00edo recupera los sonidos emblem\u00e1ticos de Emerson, Lake &amp; Palmer como el piano, la voz, el \u00f3rgano Hammond, o el Mini Moog, sin necesidad de viajar ni a la nostalgia ni al virtuosismo, sino utilizando su forma de intercomunicaci\u00f3n, para profundizar en la variedad de atm\u00f3sferas, saltos r\u00edtmicos y todo tipo de texturas, colores y hasta momentos ic\u00f3nicos de la banda brit\u00e1nica. Piezas trepidantes como \u201cTarkus\u201d, \u201cTrilogy\u201d, \u201cKarn Evil 9\u201d o \u201cFrom the beginning\u201d fluyen en una nueva direcci\u00f3n, sugerentes, explosivas, y a la vez revestidas de serenidad, buen gusto y jazz Avant-garde del siglo XXI.<\/p>\n<p>&nbsp;<\/p>\n<p>El Jaume Vilaseca tr\u00edo est\u00e1 integrado por Jaume Vilaseca en piano, voz, teclados y Mini-Moog; Dick Them en bajo el\u00e9ctrico y voz y Ram\u00f3n D\u00edaz en bater\u00eda, percusi\u00f3n y voz. La trayectoria del tr\u00edo barcelon\u00e9s es enormemente fruct\u00edfera en lo que se refiere a colaboraciones con m\u00fasicos inquietos, experimentaci\u00f3n y b\u00fasqueda de horizontes estil\u00edsticos y tambi\u00e9n por el gran n\u00famero de actuaciones realizadas en el mundo.<\/p>\n<p>&nbsp;<\/p>\n<p>Ha sido base r\u00edtmica s\u00f3lida y creativa ideal para improvisadores arriesgados como los saxofonistas Victor de Diego y Fredrik Carlquist, o el sitarista Ravi Chary, pero tambi\u00e9n para cantantes que buscan siempre la elegancia, como Karen Souza, Mar Vilaseca, Xavi Casellas o Gerard Quintana.<\/p>\n<p>&nbsp;<\/p>\n<p>Desde el muy bien acogido por la cr\u00edtica jazz\u00edstica nacional \u201cAqu\u00ed i all\u00e0\u201c (Discmedi 2002), continuando con \u201cWorld Songs\u201d (Discmedi 2005\u201d, \u201dMumbai (Discmedi 2010), grabado en directo y tambi\u00e9n con muy buena recepci\u00f3n de la cr\u00edtica especializada, hasta \u201cComing Home\u201d (Discmedi 2012), el grupo demuestra una y otra vez que sabe moverse por donde los estilos fluyen desenfadados pero a la vez delicados y sobretodo consecuentes.<\/p>\n<p>&nbsp;<\/p>\n<p>De esta manera, su jazz ba\u00f1ado de ra\u00edces brasile\u00f1as y latinas puede acercarse al flamenco, al sonido mediterr\u00e1neo, llegando hasta la India y el universo sonoro del sitar. Y esta filosof\u00eda de la improvisaci\u00f3n la han aplicado tanto en las composiciones originales como en los muy trabajados arreglos que protagonizan la ins\u00f3lita inmersi\u00f3n en la obra de Genesis, (JAZZNESIS (Discmedi 2008), JAZZNESIS II (Discmedi 2015) y JAZZNESIS III (Discmedi 2018) culminando una trilog\u00eda que fascina tanto a los seguidores de la banda brit\u00e1nica que viven al margen del jazz como a la afici\u00f3n jazz\u00edstica que no conoce aquellos m\u00edticos discos.<\/p>\n<p>&nbsp;<\/p>\n<p>El Jaume Villaseca Tr\u00edo ha sido ganador de las Ayudas al Sector Musical para la Circulaci\u00f3n del Programa Iberm\u00fasicas.<\/p>\n<p>&nbsp;<\/p>\n<p>9 de noviembre, Teatro Pablo Tobon, Festival Circulart, Medell\u00edn, Colombia<\/p>\n","protected":false},"excerpt":{"rendered":"<p>Navegando hacia aquellos oc\u00e9anos gal\u00e1cticos, \u00e9picos y mitol\u00f3gicos tan fastuosos, a veces barrocos y hasta esquizofr\u00e9nicos de un estilo de m\u00fasica que explot\u00f3 en el rock de principios de los 70 para muy pronto desvanecerse, Jaume Vilaseca Tr\u00edo reconoce haber encontrado un tesoro en la m\u00fasica creada por Keith Emerson con su agrupaci\u00f3n Emerson, Lake [&hellip;]<\/p>\n","protected":false},"author":7,"featured_media":17210,"comment_status":"closed","ping_status":"closed","sticky":false,"template":"","format":"standard","meta":{"footnotes":""},"categories":[53],"tags":[],"class_list":["post-17209","post","type-post","status-publish","format-standard","has-post-thumbnail","hentry","category-noticias-generales"],"lang":"es","translations":{"es":17209,"pt":17212},"pll_sync_post":[],"post_mailing_queue_ids":[],"_links":{"self":[{"href":"http:\/\/staging.ibermusicas.org\/index.php\/wp-json\/wp\/v2\/posts\/17209","targetHints":{"allow":["GET"]}}],"collection":[{"href":"http:\/\/staging.ibermusicas.org\/index.php\/wp-json\/wp\/v2\/posts"}],"about":[{"href":"http:\/\/staging.ibermusicas.org\/index.php\/wp-json\/wp\/v2\/types\/post"}],"author":[{"embeddable":true,"href":"http:\/\/staging.ibermusicas.org\/index.php\/wp-json\/wp\/v2\/users\/7"}],"replies":[{"embeddable":true,"href":"http:\/\/staging.ibermusicas.org\/index.php\/wp-json\/wp\/v2\/comments?post=17209"}],"version-history":[{"count":1,"href":"http:\/\/staging.ibermusicas.org\/index.php\/wp-json\/wp\/v2\/posts\/17209\/revisions"}],"predecessor-version":[{"id":17211,"href":"http:\/\/staging.ibermusicas.org\/index.php\/wp-json\/wp\/v2\/posts\/17209\/revisions\/17211"}],"wp:featuredmedia":[{"embeddable":true,"href":"http:\/\/staging.ibermusicas.org\/index.php\/wp-json\/wp\/v2\/media\/17210"}],"wp:attachment":[{"href":"http:\/\/staging.ibermusicas.org\/index.php\/wp-json\/wp\/v2\/media?parent=17209"}],"wp:term":[{"taxonomy":"category","embeddable":true,"href":"http:\/\/staging.ibermusicas.org\/index.php\/wp-json\/wp\/v2\/categories?post=17209"},{"taxonomy":"post_tag","embeddable":true,"href":"http:\/\/staging.ibermusicas.org\/index.php\/wp-json\/wp\/v2\/tags?post=17209"}],"curies":[{"name":"wp","href":"https:\/\/api.w.org\/{rel}","templated":true}]}}