{"id":17212,"date":"2023-10-30T19:54:00","date_gmt":"2023-10-30T19:54:00","guid":{"rendered":"http:\/\/staging.ibermusicas.org\/?p=17212"},"modified":"2023-11-16T12:58:55","modified_gmt":"2023-11-16T12:58:55","slug":"o-jaume-vilaseca-trio-da-espanha-apresenta-tarkology-na-colombia-um-concerto-dedicado-a-obra-de-keith-emerson","status":"publish","type":"post","link":"http:\/\/staging.ibermusicas.org\/index.php\/o-jaume-vilaseca-trio-da-espanha-apresenta-tarkology-na-colombia-um-concerto-dedicado-a-obra-de-keith-emerson\/","title":{"rendered":"O Jaume Vilaseca Trio, da Espanha, apresenta \u00abTarkology\u00bb na Col\u00f4mbia, um concerto dedicado \u00e0 obra de Keith Emerson"},"content":{"rendered":"<p>Navegando em dire\u00e7\u00e3o a esses oceanos gal\u00e1cticos, \u00e9picos e mitol\u00f3gicos, t\u00e3o luxuosos, \u00e0s vezes barrocos e at\u00e9 esquizofr\u00eanicos, de um estilo de m\u00fasica que explodiu no rock do in\u00edcio dos anos 70, para logo desaparecer, o Jaume Vilaseca Trio reconhece ter encontrado um tesouro na m\u00fasica criada por Keith Emerson com seu grupo Emerson, Lake &amp; Palmer. Uma m\u00fasica e um repert\u00f3rio muito ligados a um contexto, que, no entanto, podem ser interpretados com a naturalidade de um trio de jazz experiente e transformados em um set list renovado que pode, por um lado, emocionar o f\u00e3 apaixonado por esses diamantes e, por outro, surpreender os jovens ou aqueles que nunca estiveram por esses s\u00edtios.<\/p>\n<p>&nbsp;<\/p>\n<p>As composi\u00e7\u00f5es brilham em sua vers\u00e3o mais jazz\u00edstica, com belas passagens e espa\u00e7os s\u00f4nicos que s\u00e3o um presente para a improvisa\u00e7\u00e3o. Tudo isso sem esquecer alguns experimentos vibrantes na forma de fugas, o surpreendente destaque da percuss\u00e3o ou algumas melodias eternas do poeta Lake.<\/p>\n<p>&nbsp;<\/p>\n<p>Depois de uma longa e frut\u00edfera imers\u00e3o nas joias da coroa do grupo \u00abGenesis\u00bb (era Peter Gabriel), com tr\u00eas volumes do projeto JAZZNESIS, o trio recupera os sons emblem\u00e1ticos de Emerson, Lake &amp; Palmer, como o piano, a voz, o \u00f3rg\u00e3o Hammond ou o Mini Moog, sem a necessidade de viajar nem para a nostalgia nem para o virtuosismo, mas usando sua forma de intercomunica\u00e7\u00e3o, para mergulhar na variedade de atmosferas, saltos r\u00edtmicos e todos os tipos de texturas, cores e at\u00e9 mesmo momentos ic\u00f4nicos da banda brit\u00e2nica. Pe\u00e7as trepidantes como \u00abTarkus\u00bb, \u00abTrilogy\u00bb, \u00abKarn Evil 9\u00bb ou \u00abFrom the beginning\u00bb fluem em uma nova dire\u00e7\u00e3o, sugestiva, explosiva e, ao mesmo tempo, revestida de serenidade, bom gosto e jazz de vanguarda do s\u00e9culo XXI.<\/p>\n<p>&nbsp;<\/p>\n<p>O trio Jaume Vilaseca \u00e9 formado por Jaume Vilaseca no piano, vocais, teclados e Mini Moog; Dick Them no baixo el\u00e9trico e vocais e Ram\u00f3n D\u00edaz na bateria, percuss\u00e3o e vocais. A trajet\u00f3ria do trio de Barcelona \u00e9 extremamente frut\u00edfera em termos de colabora\u00e7\u00f5es com m\u00fasicos inquietos, experimenta\u00e7\u00e3o e busca de horizontes estil\u00edsticos, bem como o grande n\u00famero de apresenta\u00e7\u00f5es que fizeram em todo o mundo.<\/p>\n<p>&nbsp;<\/p>\n<p>Tem sido a base r\u00edtmica s\u00f3lida e criativa ideal para improvisadores que assumem riscos, como os saxofonistas Victor de Diego e Fredrik Carlquist, ou o c\u00edtara Ravi Chary, mas tamb\u00e9m para cantores que sempre buscam a eleg\u00e2ncia, como Karen Souza, Mar Vilaseca, Xavi Casellas ou Gerard Quintana.<\/p>\n<p>&nbsp;<\/p>\n<p>Desde o muito bem recebido pela cr\u00edtica nacional de jazz \u00abAqu\u00ed i all\u00e0\u00bb (Discmedi 2002), passando por \u00abWorld Songs\u00bb (Discmedi 2005), \u00abMumbai (Discmedi 2010), gravado ao vivo e tamb\u00e9m muito bem recebido pela cr\u00edtica especializada, at\u00e9 \u00abComing Home\u00bb (Discmedi 2012), o grupo demonstra uma e outra vez que sabe se mover onde os estilos fluem de forma despreocupada, mas ao mesmo tempo delicada e, sobretudo, consistente.<\/p>\n<p>&nbsp;<\/p>\n<p>Dessa forma, seu jazz banhado em ra\u00edzes brasileiras e latinas pode se aproximar do flamenco, do som mediterr\u00e2neo, chegando at\u00e9 a \u00cdndia e ao universo sonoro da c\u00edtara. E essa filosofia de improvisa\u00e7\u00e3o foi aplicada tanto nas composi\u00e7\u00f5es originais quanto nos arranjos muito elaborados que protagonizam a imers\u00e3o incomum na obra do Genesis, (JAZZNESIS (Discmedi 2008), JAZZNESIS II (Discmedi 2015) e JAZZNESIS III (Discmedi 2018), culminando uma trilogia que fascina tanto os seguidores da banda brit\u00e2nica que vivem \u00e0 margem do jazz quanto os f\u00e3s de jazz que n\u00e3o conhecem esses \u00e1lbuns lend\u00e1rios.<\/p>\n<p>&nbsp;<\/p>\n<p>O Jaume Villaseca Trio ganhou o pr\u00eamio Ayudas ao Setor Musical para a Circula\u00e7\u00e3o do Programa Iberm\u00fasicas.<\/p>\n<p>&nbsp;<\/p>\n<p>9 de novembro, Teatro Pablo Tobon, Festival Circulart, Medell\u00edn, Col\u00f4mbia<\/p>\n","protected":false},"excerpt":{"rendered":"<p>Navegando em dire\u00e7\u00e3o a esses oceanos gal\u00e1cticos, \u00e9picos e mitol\u00f3gicos, t\u00e3o luxuosos, \u00e0s vezes barrocos e at\u00e9 esquizofr\u00eanicos, de um estilo de m\u00fasica que explodiu no rock do in\u00edcio dos anos 70, para logo desaparecer, o Jaume Vilaseca Trio reconhece ter encontrado um tesouro na m\u00fasica criada por Keith Emerson com seu grupo Emerson, Lake [&hellip;]<\/p>\n","protected":false},"author":7,"featured_media":17210,"comment_status":"closed","ping_status":"closed","sticky":false,"template":"","format":"standard","meta":{"footnotes":""},"categories":[218],"tags":[],"class_list":["post-17212","post","type-post","status-publish","format-standard","has-post-thumbnail","hentry","category-noticias-generales-pt"],"lang":"pt","translations":{"pt":17212,"es":17209},"pll_sync_post":[],"post_mailing_queue_ids":[],"_links":{"self":[{"href":"http:\/\/staging.ibermusicas.org\/index.php\/wp-json\/wp\/v2\/posts\/17212","targetHints":{"allow":["GET"]}}],"collection":[{"href":"http:\/\/staging.ibermusicas.org\/index.php\/wp-json\/wp\/v2\/posts"}],"about":[{"href":"http:\/\/staging.ibermusicas.org\/index.php\/wp-json\/wp\/v2\/types\/post"}],"author":[{"embeddable":true,"href":"http:\/\/staging.ibermusicas.org\/index.php\/wp-json\/wp\/v2\/users\/7"}],"replies":[{"embeddable":true,"href":"http:\/\/staging.ibermusicas.org\/index.php\/wp-json\/wp\/v2\/comments?post=17212"}],"version-history":[{"count":1,"href":"http:\/\/staging.ibermusicas.org\/index.php\/wp-json\/wp\/v2\/posts\/17212\/revisions"}],"predecessor-version":[{"id":17213,"href":"http:\/\/staging.ibermusicas.org\/index.php\/wp-json\/wp\/v2\/posts\/17212\/revisions\/17213"}],"wp:featuredmedia":[{"embeddable":true,"href":"http:\/\/staging.ibermusicas.org\/index.php\/wp-json\/wp\/v2\/media\/17210"}],"wp:attachment":[{"href":"http:\/\/staging.ibermusicas.org\/index.php\/wp-json\/wp\/v2\/media?parent=17212"}],"wp:term":[{"taxonomy":"category","embeddable":true,"href":"http:\/\/staging.ibermusicas.org\/index.php\/wp-json\/wp\/v2\/categories?post=17212"},{"taxonomy":"post_tag","embeddable":true,"href":"http:\/\/staging.ibermusicas.org\/index.php\/wp-json\/wp\/v2\/tags?post=17212"}],"curies":[{"name":"wp","href":"https:\/\/api.w.org\/{rel}","templated":true}]}}