{"id":17217,"date":"2023-10-30T20:43:31","date_gmt":"2023-10-30T20:43:31","guid":{"rendered":"http:\/\/staging.ibermusicas.org\/?p=17217"},"modified":"2023-10-30T20:44:55","modified_gmt":"2023-10-30T20:44:55","slug":"samambaia-la-casa-de-conciertos-de-lisboa-dedicada-a-las-musicas-de-brasil-anuncia-su-programacion-del-mes-de-noviembre-2","status":"publish","type":"post","link":"http:\/\/staging.ibermusicas.org\/index.php\/samambaia-la-casa-de-conciertos-de-lisboa-dedicada-a-las-musicas-de-brasil-anuncia-su-programacion-del-mes-de-noviembre-2\/","title":{"rendered":"Samambaia, a casa de shows de Lisboa dedicada \u00e0 m\u00fasica do Brasil, anuncia seu programa para o m\u00eas de novembro"},"content":{"rendered":"<p>Samambaia tem sido uma das iniciativas vencedoras do Pr\u00eamio Brasil Iberm\u00fasicas 2022. A casa de shows Samambaia funciona h\u00e1 dois anos, na Gra\u00e7a, bairro bo\u00eamio de Lisboa, tendo se tornado um ponto de refer\u00eancia e resist\u00eancia da m\u00fasica brasileira em Portugal. O Samambaia surgiu como uma oportunidade rara de dar palco aos artistas brasileiros residentes em Portugal e agora aos que passam por Lisboa em turn\u00eas pela Europa. Local querido pelos m\u00fasicos &#8211; que o adotaram desde a primeira hora, promovendo jam sessions j\u00e1 memor\u00e1veis &#8211; e tamb\u00e9m do p\u00fablico, que o elegeu como melhor bar do ano no concurso \u201cLove Local Awards\u201d promovido pela revista Time Out.<\/p>\n<p>&nbsp;<\/p>\n<p>O conceito do Samambaia surgiu da percep\u00e7\u00e3o das s\u00f3cias, Amanda Menezes e Andr\u00e9a Zamorano, de que faltava um espa\u00e7o exclusivo para a m\u00fasica brasileira alternativa e de qualidade em Lisboa. Aberto em 2020, em plena pandemia, o Samambaia nasceu com o prop\u00f3sito de dar palco aos artistas brasileiros, residentes em Portugal, que naquele momento estavam impedidos de viajar, bem como de promover a cultura brasileira al\u00e9m fronteiras.<\/p>\n<p>&nbsp;<\/p>\n<p>&nbsp;<\/p>\n<ul>\n<li>Quinta-feira 09 de novembro, 20h: Roda de Choro<\/li>\n<li>Sexta-feira 10 de novembro, 20h: Carol &#8211; Cantautora<\/li>\n<li>S\u00e1bado 11 de novembro, 20h: Coletivo Gira<\/li>\n<li>Quinta-feira 16 de novembre, 20:00h: Dois a Dois, MPB<\/li>\n<li>Sexta-feira 17 de novembro, 20h: Jo\u00e3o Suplicy, MPB<\/li>\n<li>S\u00e1bado 18 de novembro, 20h: Karla Da Silva, Samba<\/li>\n<li>Quinta-feira 23 de novembro, 20h: Luciana Balby, MPB<\/li>\n<li>Sexta-feira 24 de novembro, 20h: Travessia &#8211; Do Fado \u00e0 Bossa Nova<\/li>\n<li>S\u00e1bado 25 de novembro, 20h: Nem\u00e9m Do Chal\u00e9, Samba<\/li>\n<\/ul>\n<p>Rua da Voz do Oper\u00e1rio, 13 Gra\u00e7a, Lisboa, Portugal<\/p>\n<p>reservas@samambaia.pt, Whatsapp +351914312355<\/p>\n","protected":false},"excerpt":{"rendered":"<p>Samambaia tem sido uma das iniciativas vencedoras do Pr\u00eamio Brasil Iberm\u00fasicas 2022. A casa de shows Samambaia funciona h\u00e1 dois anos, na Gra\u00e7a, bairro bo\u00eamio de Lisboa, tendo se tornado um ponto de refer\u00eancia e resist\u00eancia da m\u00fasica brasileira em Portugal. O Samambaia surgiu como uma oportunidade rara de dar palco aos artistas brasileiros residentes [&hellip;]<\/p>\n","protected":false},"author":7,"featured_media":17215,"comment_status":"closed","ping_status":"closed","sticky":false,"template":"","format":"standard","meta":{"footnotes":""},"categories":[218],"tags":[],"class_list":["post-17217","post","type-post","status-publish","format-standard","has-post-thumbnail","hentry","category-noticias-generales-pt"],"lang":"pt","translations":{"pt":17217,"es":17214},"pll_sync_post":[],"post_mailing_queue_ids":[],"_links":{"self":[{"href":"http:\/\/staging.ibermusicas.org\/index.php\/wp-json\/wp\/v2\/posts\/17217","targetHints":{"allow":["GET"]}}],"collection":[{"href":"http:\/\/staging.ibermusicas.org\/index.php\/wp-json\/wp\/v2\/posts"}],"about":[{"href":"http:\/\/staging.ibermusicas.org\/index.php\/wp-json\/wp\/v2\/types\/post"}],"author":[{"embeddable":true,"href":"http:\/\/staging.ibermusicas.org\/index.php\/wp-json\/wp\/v2\/users\/7"}],"replies":[{"embeddable":true,"href":"http:\/\/staging.ibermusicas.org\/index.php\/wp-json\/wp\/v2\/comments?post=17217"}],"version-history":[{"count":2,"href":"http:\/\/staging.ibermusicas.org\/index.php\/wp-json\/wp\/v2\/posts\/17217\/revisions"}],"predecessor-version":[{"id":17219,"href":"http:\/\/staging.ibermusicas.org\/index.php\/wp-json\/wp\/v2\/posts\/17217\/revisions\/17219"}],"wp:featuredmedia":[{"embeddable":true,"href":"http:\/\/staging.ibermusicas.org\/index.php\/wp-json\/wp\/v2\/media\/17215"}],"wp:attachment":[{"href":"http:\/\/staging.ibermusicas.org\/index.php\/wp-json\/wp\/v2\/media?parent=17217"}],"wp:term":[{"taxonomy":"category","embeddable":true,"href":"http:\/\/staging.ibermusicas.org\/index.php\/wp-json\/wp\/v2\/categories?post=17217"},{"taxonomy":"post_tag","embeddable":true,"href":"http:\/\/staging.ibermusicas.org\/index.php\/wp-json\/wp\/v2\/tags?post=17217"}],"curies":[{"name":"wp","href":"https:\/\/api.w.org\/{rel}","templated":true}]}}