{"id":17220,"date":"2023-10-30T20:54:12","date_gmt":"2023-10-30T20:54:12","guid":{"rendered":"http:\/\/staging.ibermusicas.org\/?p=17220"},"modified":"2023-11-16T12:55:02","modified_gmt":"2023-11-16T12:55:02","slug":"la-cancion-de-las-poetas-continua-presentando-sus-videos-de-canciones-creadas-sobre-poemas-de-grandes-poetas-latinoamericanas","status":"publish","type":"post","link":"http:\/\/staging.ibermusicas.org\/index.php\/la-cancion-de-las-poetas-continua-presentando-sus-videos-de-canciones-creadas-sobre-poemas-de-grandes-poetas-latinoamericanas\/","title":{"rendered":"\u201cLa canci\u00f3n de las poetas\u201d contin\u00faa presentando sus videos de canciones creadas sobre poemas de grandes poetas latinoamericanas"},"content":{"rendered":"<p>La canci\u00f3n de las poetas es un proyecto musical donde confluyen grandes poetas del pasado con las m\u00e1s relevantes cantantes del presente. Poes\u00eda y m\u00fasica latinoamericana unidas en un recorrido por la m\u00fasica popular.<\/p>\n<p>&nbsp;<\/p>\n<p>A partir de un trabajo de investigaci\u00f3n y curadur\u00eda de los poemas, luego convertidos en tangos, candombes, milongas, valses, y otras expresiones de la m\u00fasica popular; nace este disco de 15 canciones de la compositora Vero Bellini.<\/p>\n<p>&nbsp;<\/p>\n<p>Este trabajo cuenta con la participaci\u00f3n de m\u00fasicos y m\u00fasicas de gran trayectoria y muchas de las cantantes m\u00e1s relevantes de nuestro pa\u00eds y Latinoam\u00e9rica bajo la producci\u00f3n vocal de Mavi D\u00edaz.<\/p>\n<p>&nbsp;<\/p>\n<p>El \u00e1lbum complet\u00f3 su lanzamiento en plataformas digitales en marzo de 2023 y fue estrenado por la Orquesta Nacional de M\u00fasica Argentina Juan de Dios Filiberto.<\/p>\n<p>&nbsp;<\/p>\n<p>La grabaci\u00f3n de este valioso material cuenta con un soporte audiovisual en formato de video-clips realizados con el apoyo de Iberm\u00fasicas, que paulatinamente se estrenan en el canal del proyecto<\/p>\n<p>&nbsp;<\/p>\n<p>El 25 de octubre &#8211; aniversario de la muerte de Alfonsina Storni- se estrenar\u00f3 el video de el candombe \u201cT\u00fa me quieres blanca\u201d en la voz de Ana Prada, y el 9 de noviembre, natalicio de la poeta paraguaya Josefina Pl\u00e1, se lanzar\u00e1 el video de la canci\u00f3n \u201cQuisiera\u201d con los versos de esta poeta interpretados por Hilda Lizarazu.<\/p>\n<p>&nbsp;<\/p>\n<p>A su vez,ya se puede acceder a varios videos que acompa\u00f1an este maravilloso trabajo: \u201cRedondillas\u201d, poema de Sor Juana In\u00e9s de la Cruz interpretado por Marcela Morelo, \u201cBesos\u201d, poema de Gabriela Mistral interpretado por Sandra Mihanovich, \u201cEl hombre que pasa\u201d de Aurora Estrada y Ayala en la voz de Mavi D\u00edaz, \u201cLa caricia perdida\u201d de Alfonsina Storni por Lidia Borda, \u201cHu\u00e9sped sin sombra\u201d de Meira del Mar por Feli Colina &amp;Vera Frod, \u201cTe estoy llamando\u201d sobre un poema de Idea Vilari\u00f1o cantado por Julia Zenko y \u201cQue yo era una mentira de la luna\u201d sobre los versos de Carilda Oliver Labra en la voz de Ligia Piro.<\/p>\n<p>&nbsp;<\/p>\n<p>Las poetas que forman parte de esta obra son, sin duda, \u00edconos en la historia de la poes\u00eda Latinoamericana. Y m\u00e1s all\u00e1 de su indiscutible valor art\u00edstico, se busc\u00f3 que en esta selecci\u00f3n tengan presencia, fundamentalmente las poetas que han marcado en su vida y en su obra el camino de las luchas por los derechos de las mujeres, en muchos casos expresados en los poemas de este disco.<\/p>\n<p>&nbsp;<\/p>\n<p>Ellas son: Alfonsina Storni, Alejandra Pizarnik y Silvia Fern\u00e1ndez (Argentina), Juana de Ibarbourou e Idea Vilari\u00f1o (Uruguay), Sor Juana In\u00e9s de la Cruz (M\u00e9xico), Gabriela Mistral (Chile), Josefina Pla (Paraguay), Adela Zamudio (Bolivia), Carilda Oliver Labra (Cuba), Julia de Burgos (Puerto Rico), Meira Delmar (Colombia), Magda Portal (Per\u00fa), Aurora Estrada y Ayala (Ecuador).<\/p>\n<p>&nbsp;<\/p>\n<p>&nbsp;<\/p>\n<p>Para acceder a los videos publicados: <a href=\"https:\/\/www.youtube.com\/@verobellini\">https:\/\/www.youtube.com\/@verobellini<\/a><\/p>\n<p>&nbsp;<\/p>\n","protected":false},"excerpt":{"rendered":"<p>La canci\u00f3n de las poetas es un proyecto musical donde confluyen grandes poetas del pasado con las m\u00e1s relevantes cantantes del presente. Poes\u00eda y m\u00fasica latinoamericana unidas en un recorrido por la m\u00fasica popular. &nbsp; A partir de un trabajo de investigaci\u00f3n y curadur\u00eda de los poemas, luego convertidos en tangos, candombes, milongas, valses, y [&hellip;]<\/p>\n","protected":false},"author":7,"featured_media":17224,"comment_status":"closed","ping_status":"closed","sticky":false,"template":"","format":"standard","meta":{"footnotes":""},"categories":[53],"tags":[],"class_list":["post-17220","post","type-post","status-publish","format-standard","has-post-thumbnail","hentry","category-noticias-generales"],"lang":"es","translations":{"es":17220},"pll_sync_post":[],"post_mailing_queue_ids":[],"_links":{"self":[{"href":"http:\/\/staging.ibermusicas.org\/index.php\/wp-json\/wp\/v2\/posts\/17220","targetHints":{"allow":["GET"]}}],"collection":[{"href":"http:\/\/staging.ibermusicas.org\/index.php\/wp-json\/wp\/v2\/posts"}],"about":[{"href":"http:\/\/staging.ibermusicas.org\/index.php\/wp-json\/wp\/v2\/types\/post"}],"author":[{"embeddable":true,"href":"http:\/\/staging.ibermusicas.org\/index.php\/wp-json\/wp\/v2\/users\/7"}],"replies":[{"embeddable":true,"href":"http:\/\/staging.ibermusicas.org\/index.php\/wp-json\/wp\/v2\/comments?post=17220"}],"version-history":[{"count":1,"href":"http:\/\/staging.ibermusicas.org\/index.php\/wp-json\/wp\/v2\/posts\/17220\/revisions"}],"predecessor-version":[{"id":17221,"href":"http:\/\/staging.ibermusicas.org\/index.php\/wp-json\/wp\/v2\/posts\/17220\/revisions\/17221"}],"wp:featuredmedia":[{"embeddable":true,"href":"http:\/\/staging.ibermusicas.org\/index.php\/wp-json\/wp\/v2\/media\/17224"}],"wp:attachment":[{"href":"http:\/\/staging.ibermusicas.org\/index.php\/wp-json\/wp\/v2\/media?parent=17220"}],"wp:term":[{"taxonomy":"category","embeddable":true,"href":"http:\/\/staging.ibermusicas.org\/index.php\/wp-json\/wp\/v2\/categories?post=17220"},{"taxonomy":"post_tag","embeddable":true,"href":"http:\/\/staging.ibermusicas.org\/index.php\/wp-json\/wp\/v2\/tags?post=17220"}],"curies":[{"name":"wp","href":"https:\/\/api.w.org\/{rel}","templated":true}]}}