{"id":17223,"date":"2023-10-30T20:52:30","date_gmt":"2023-10-30T20:52:30","guid":{"rendered":"http:\/\/staging.ibermusicas.org\/?p=17223"},"modified":"2023-11-16T12:55:09","modified_gmt":"2023-11-16T12:55:09","slug":"la-cantante-brasilena-juliana-linhares-inicia-una-gira-por-francia-espana-y-portugal","status":"publish","type":"post","link":"http:\/\/staging.ibermusicas.org\/index.php\/la-cantante-brasilena-juliana-linhares-inicia-una-gira-por-francia-espana-y-portugal\/","title":{"rendered":"La cantante brasile\u00f1a Juliana Linhares inicia una gira por Francia, Espa\u00f1a y Portugal"},"content":{"rendered":"<p>Cantante, compositora y actriz de Rio Grande do Norte, Juliana Linhares lanz\u00f3 en marzo de 2021 su \u00e1lbum debut, titulado Nordeste Fic\u00e7\u00e3o. El trabajo, que cuenta con la direcci\u00f3n art\u00edstica de Marcus Preto y la producci\u00f3n musical de El\u00edsio Freitas, fue imaginado como un gui\u00f3n teatral, una novela de autoficci\u00f3n y un docudrama cinematogr\u00e1fico.<\/p>\n<p>&nbsp;<\/p>\n<p>La obra tiene una belleza y una alegr\u00eda irresistibles, que recuerdan a los deliciosos LPs cl\u00e1sicos de Amelinha, Elba Ramalho, C\u00e1tia de Fran\u00e7a, Terezinha de Jesus y otros nombres de la generaci\u00f3n nordestina editados a finales de los a\u00f1os setenta y principios de los ochenta. Tambi\u00e9n trae la grandeza mel\u00f3dica y po\u00e9tica de compositores como Alceu Valen\u00e7a, Ednardo, Fagner, Belchior y Z\u00e9 Ramalho y dialoga con sus herederos en los a\u00f1os 90: Chico C\u00e9sar, Zeca Baleiro, Rita Ribeiro, Lenine, etc.<\/p>\n<p>&nbsp;<\/p>\n<p>Con una canci\u00f3n in\u00e9dita de Tom Z\u00e9 cantada junto a Letrux, as\u00ed como varias colaboraciones de Juliana con Chico C\u00e9sar, Zeca Baleiro, Khrystal, Moyseis Marques, Posada, Mestrinho, J\u00e9ssica Caitano y otros, y una reinterpretaci\u00f3n del himno nordestino Tareco e Mariola, de Petr\u00facio Amorim, el \u00e1lbum, influenciado por el libro A Inven\u00e7\u00e3o do Nordeste e Outras Artes, de Durval Muniz de Albuquerque Jr, tambi\u00e9n abre interrogantes sobre los significados de ser nordestino hoy en d\u00eda.<\/p>\n<p>&nbsp;<\/p>\n<p>Nacida en Natal, Juliana se traslad\u00f3 a R\u00edo de Janeiro en 2010. Esta mudanza le proporcion\u00f3 un punto de vista privilegiado desde el que observar los clich\u00e9s con los que el resto del pa\u00eds ve al Nordeste. Su reacci\u00f3n a estos estereotipos -y tambi\u00e9n su comprensi\u00f3n de los mismos- fue material para la creaci\u00f3n de las canciones. Y si el nordeste es una invenci\u00f3n, como cantaba Belchior, el arte sigue siendo el medio para deconstruir narrativas. Y crear otros nordeste posibles.<\/p>\n<p>&nbsp;<\/p>\n<p>Juliana dice que despu\u00e9s de trabajar tanto tiempo en la m\u00fasica como int\u00e9rprete, empez\u00f3 a sentir una gran necesidad de hacer canciones, de probarse como compositora. En las artes esc\u00e9nicas, Juliana Linhares ya ha trabajado con Jo\u00e3o Falc\u00e3o en A \u00d3pera do Malandro y Gabriela, estuvo junto a Angel Vianna en el espect\u00e1culo O Tempo N\u00e3o D\u00e1 Tempo dirigido por Duda Maia, fue ayudante de direcci\u00f3n en Vamos Comprar um Poeta, altern\u00f3 con la actriz Laila Garin en el musical A Hora da Estrela y actu\u00f3 en Contos Partidos de Amor.<\/p>\n<p>&nbsp;<\/p>\n<p>Juliana Linhares ha sido ganadora de las Ayudas al Sector de la M\u00fasica para la Circulaci\u00f3n del Programa Iberm\u00fasicas.<\/p>\n<p>&nbsp;<\/p>\n<ul>\n<li>10 de noviembre: La Predet, Francia<\/li>\n<li>11 de noviembre: Le 360, Par\u00eds, Francia<\/li>\n<li>12 de noviembre: Sala Tempo, Madrid, Espa\u00f1a<\/li>\n<li>14 de noviembre: Diobar, Barcelona, Espa\u00f1a<\/li>\n<li>16 de noviembre: Hard Club, Oporto, Portugal<\/li>\n<li>18 de noviembre: B&#8217;Leza, Lisboa, Portugal<\/li>\n<\/ul>\n","protected":false},"excerpt":{"rendered":"<p>Cantante, compositora y actriz de Rio Grande do Norte, Juliana Linhares lanz\u00f3 en marzo de 2021 su \u00e1lbum debut, titulado Nordeste Fic\u00e7\u00e3o. El trabajo, que cuenta con la direcci\u00f3n art\u00edstica de Marcus Preto y la producci\u00f3n musical de El\u00edsio Freitas, fue imaginado como un gui\u00f3n teatral, una novela de autoficci\u00f3n y un docudrama cinematogr\u00e1fico. &nbsp; [&hellip;]<\/p>\n","protected":false},"author":7,"featured_media":17225,"comment_status":"closed","ping_status":"closed","sticky":false,"template":"","format":"standard","meta":{"footnotes":""},"categories":[53],"tags":[],"class_list":["post-17223","post","type-post","status-publish","format-standard","has-post-thumbnail","hentry","category-noticias-generales"],"lang":"es","translations":{"es":17223,"pt":17228},"pll_sync_post":[],"post_mailing_queue_ids":[],"_links":{"self":[{"href":"http:\/\/staging.ibermusicas.org\/index.php\/wp-json\/wp\/v2\/posts\/17223","targetHints":{"allow":["GET"]}}],"collection":[{"href":"http:\/\/staging.ibermusicas.org\/index.php\/wp-json\/wp\/v2\/posts"}],"about":[{"href":"http:\/\/staging.ibermusicas.org\/index.php\/wp-json\/wp\/v2\/types\/post"}],"author":[{"embeddable":true,"href":"http:\/\/staging.ibermusicas.org\/index.php\/wp-json\/wp\/v2\/users\/7"}],"replies":[{"embeddable":true,"href":"http:\/\/staging.ibermusicas.org\/index.php\/wp-json\/wp\/v2\/comments?post=17223"}],"version-history":[{"count":1,"href":"http:\/\/staging.ibermusicas.org\/index.php\/wp-json\/wp\/v2\/posts\/17223\/revisions"}],"predecessor-version":[{"id":17226,"href":"http:\/\/staging.ibermusicas.org\/index.php\/wp-json\/wp\/v2\/posts\/17223\/revisions\/17226"}],"wp:featuredmedia":[{"embeddable":true,"href":"http:\/\/staging.ibermusicas.org\/index.php\/wp-json\/wp\/v2\/media\/17225"}],"wp:attachment":[{"href":"http:\/\/staging.ibermusicas.org\/index.php\/wp-json\/wp\/v2\/media?parent=17223"}],"wp:term":[{"taxonomy":"category","embeddable":true,"href":"http:\/\/staging.ibermusicas.org\/index.php\/wp-json\/wp\/v2\/categories?post=17223"},{"taxonomy":"post_tag","embeddable":true,"href":"http:\/\/staging.ibermusicas.org\/index.php\/wp-json\/wp\/v2\/tags?post=17223"}],"curies":[{"name":"wp","href":"https:\/\/api.w.org\/{rel}","templated":true}]}}