{"id":17228,"date":"2023-10-30T20:58:23","date_gmt":"2023-10-30T20:58:23","guid":{"rendered":"http:\/\/staging.ibermusicas.org\/?p=17228"},"modified":"2023-11-16T12:58:45","modified_gmt":"2023-11-16T12:58:45","slug":"a-cantante-brasileira-juliana-linhares-inicia-a-sua-digressao-por-palcos-em-franca-espanha-e-portuga","status":"publish","type":"post","link":"http:\/\/staging.ibermusicas.org\/index.php\/a-cantante-brasileira-juliana-linhares-inicia-a-sua-digressao-por-palcos-em-franca-espanha-e-portuga\/","title":{"rendered":"A cantante brasileira Juliana Linhares inicia a sua digress\u00e3o por palcos em Fran\u00e7a, Espanha e Portuga"},"content":{"rendered":"<p>Cantora, compositora e atriz potiguar (gent\u00edlico das pessoas do Rio Grande do Norte), Juliana Linhares lan\u00e7ou em mar\u00e7o de 2021 seu \u00e1lbum de estreia intitulado Nordeste Fic\u00e7\u00e3o. O trabalho, que tem dire\u00e7\u00e3o art\u00edstica de Marcus Preto e produ\u00e7\u00e3o musical de El\u00edsio Freitas, foi imaginado como um roteiro de teatro, um romance de auto fic\u00e7\u00e3o \u00e9 um docudrama cinematogr\u00e1fico.<\/p>\n<p>&nbsp;<\/p>\n<p>Otrabalho traz uma beleza e alegria irresist\u00edveis, remetendo aos deliciosos LPs cl\u00e1ssicos de Amelinha, Elba Ramalho, C\u00e1tia de Fran\u00e7a, Terezinha de Jesus e outros nomes da gera\u00e7\u00e3o nordestina lan\u00e7ados na virada dos anos 1970 para os 1980. Traz ainda a grandeza mel\u00f3dica e po\u00e9tica de compositores como Alceu Valen\u00e7a, Ednardo, Fagner, Belchior e Z\u00e9 Ramalho e dialoga com os herdeiros deles nos anos 1990: Chico C\u00e9sar, Zeca Baleiro, Rita Ribeiro, Lenine etc.<\/p>\n<p>&nbsp;<\/p>\n<p>Com can\u00e7\u00e3o in\u00e9dita de Tom Z\u00e9 cantada ao lado de Letrux, al\u00e9m de diversas parcerias de Juliana com Chico C\u00e9sar, Zeca Baleiro, Khrystal, Moyseis Marques, Posada, Mestrinho, J\u00e9ssica Caitano entre outros e uma releitura do hino nordestino Tareco e Mariola, de Petr\u00facio Amorim, o \u00e1lbum, que teve influ\u00eancia do livro A Inven\u00e7\u00e3o do Nordeste e Outras Artes, de Durval Muniz de Albuquerque Jr., tamb\u00e9m abre espa\u00e7o para questionamentos sobre os significados de ser nordestina hoje.<\/p>\n<p>&nbsp;<\/p>\n<p>Artista nascida em Natal, Juliana foi viver no Rio de Janeiro em 2010. Essa mudan\u00e7a deu a ela um lugar de observa\u00e7\u00e3o privilegiado a respeito dos clich\u00eas com que o resto do pa\u00eds enxerga o Nordeste. A rea\u00e7\u00e3o a esses estere\u00f3tipos &#8211; e tamb\u00e9m a compreens\u00e3o deles &#8211; foi material para a cria\u00e7\u00e3o das can\u00e7\u00f5es. E se o Nordeste \u00e9 uma inven\u00e7\u00e3o, como cantou Belchior, a arte segue sendo o meio para desconstruir narrativas. E criar outros nordestes poss\u00edveis.<\/p>\n<p>&nbsp;<\/p>\n<p>Juliana afirma que depois de tanto tempo trabalhando na m\u00fasica como int\u00e9rprete, come\u00e7ou a sentir uma necessidade grande de fazer can\u00e7\u00f5es, de se experimentar no lugar de compositora. Nnas artes c\u00eanicas, Juliana Linhares j\u00e1 trabalhou com Jo\u00e3o Falc\u00e3o em A \u00d3pera do Malandro e Gabriela, esteve ao lado de Angel Vianna no espet\u00e1culo O Tempo N\u00e3o D\u00e1 Tempo dirigido por Duda Maia, foi diretora assistente em Vamos Comprar um Poeta, \u00e9 alternante da atriz Laila Garin no musical A Hora da Estrela e atua em Contos Partidos de Amor.<\/p>\n<p>&nbsp;<\/p>\n<p>Juliana Linhares tem sido vencedora das Ajudas ao Setor Musical para a Circula\u00e7\u00e3o do Programa Iberm\u00fasicas.<\/p>\n<p>&nbsp;<\/p>\n<ul>\n<li>10 de novembro: La Predet, Fran\u00e7a<\/li>\n<li>11 de novembro: Le 360, Paris, Fran\u00e7a<\/li>\n<li>12 de novembro: Sala Tempo, Madrid, Espanha<\/li>\n<li>14 de novembro: Diobar, Barcelona, Espanha<\/li>\n<li>16 de novembro: Hard Club, Porto, Portugal<\/li>\n<li>18 de novembro: B&#8217;Leza, Lisboa, Portugal<\/li>\n<\/ul>\n<p>&nbsp;<\/p>\n","protected":false},"excerpt":{"rendered":"<p>Cantora, compositora e atriz potiguar (gent\u00edlico das pessoas do Rio Grande do Norte), Juliana Linhares lan\u00e7ou em mar\u00e7o de 2021 seu \u00e1lbum de estreia intitulado Nordeste Fic\u00e7\u00e3o. O trabalho, que tem dire\u00e7\u00e3o art\u00edstica de Marcus Preto e produ\u00e7\u00e3o musical de El\u00edsio Freitas, foi imaginado como um roteiro de teatro, um romance de auto fic\u00e7\u00e3o \u00e9 [&hellip;]<\/p>\n","protected":false},"author":7,"featured_media":17225,"comment_status":"closed","ping_status":"closed","sticky":false,"template":"","format":"standard","meta":{"footnotes":""},"categories":[218],"tags":[],"class_list":["post-17228","post","type-post","status-publish","format-standard","has-post-thumbnail","hentry","category-noticias-generales-pt"],"lang":"pt","translations":{"pt":17228,"es":17223},"pll_sync_post":[],"post_mailing_queue_ids":[],"_links":{"self":[{"href":"http:\/\/staging.ibermusicas.org\/index.php\/wp-json\/wp\/v2\/posts\/17228","targetHints":{"allow":["GET"]}}],"collection":[{"href":"http:\/\/staging.ibermusicas.org\/index.php\/wp-json\/wp\/v2\/posts"}],"about":[{"href":"http:\/\/staging.ibermusicas.org\/index.php\/wp-json\/wp\/v2\/types\/post"}],"author":[{"embeddable":true,"href":"http:\/\/staging.ibermusicas.org\/index.php\/wp-json\/wp\/v2\/users\/7"}],"replies":[{"embeddable":true,"href":"http:\/\/staging.ibermusicas.org\/index.php\/wp-json\/wp\/v2\/comments?post=17228"}],"version-history":[{"count":1,"href":"http:\/\/staging.ibermusicas.org\/index.php\/wp-json\/wp\/v2\/posts\/17228\/revisions"}],"predecessor-version":[{"id":17229,"href":"http:\/\/staging.ibermusicas.org\/index.php\/wp-json\/wp\/v2\/posts\/17228\/revisions\/17229"}],"wp:featuredmedia":[{"embeddable":true,"href":"http:\/\/staging.ibermusicas.org\/index.php\/wp-json\/wp\/v2\/media\/17225"}],"wp:attachment":[{"href":"http:\/\/staging.ibermusicas.org\/index.php\/wp-json\/wp\/v2\/media?parent=17228"}],"wp:term":[{"taxonomy":"category","embeddable":true,"href":"http:\/\/staging.ibermusicas.org\/index.php\/wp-json\/wp\/v2\/categories?post=17228"},{"taxonomy":"post_tag","embeddable":true,"href":"http:\/\/staging.ibermusicas.org\/index.php\/wp-json\/wp\/v2\/tags?post=17228"}],"curies":[{"name":"wp","href":"https:\/\/api.w.org\/{rel}","templated":true}]}}