{"id":17234,"date":"2023-10-30T21:10:29","date_gmt":"2023-10-30T21:10:29","guid":{"rendered":"http:\/\/staging.ibermusicas.org\/?p=17234"},"modified":"2023-11-16T12:58:39","modified_gmt":"2023-11-16T12:58:39","slug":"com-a-participacao-de-convidados-internacionais-uma-nova-edicao-do-vmfpro-chega-a-lima-no-peru","status":"publish","type":"post","link":"http:\/\/staging.ibermusicas.org\/index.php\/com-a-participacao-de-convidados-internacionais-uma-nova-edicao-do-vmfpro-chega-a-lima-no-peru\/","title":{"rendered":"Com a participa\u00e7\u00e3o de convidados internacionais, uma nova edi\u00e7\u00e3o do VMFPro chega a Lima, no Peru"},"content":{"rendered":"<p>O VMFPro \u00e9 um encontro internacional da Ind\u00fastria Musical que se realiza no \u00e2mbito do Veltrac Music Festival. Nesta sua 2\u00aa edi\u00e7\u00e3o, procura promover espa\u00e7os de reflex\u00e3o sobre a import\u00e2ncia do trabalho em rede e do associativismo, bem como suscitar conversas sobre a relev\u00e2ncia das ferramentas digitais na atualidade e sobre os agentes que fazem parte do futuro do sector.<\/p>\n<p>&nbsp;<\/p>\n<p>Entre os participantes estar\u00e3o Noem\u00ed Planas (WIN), Mark Meyer (Planea M\u00fasica), Francisca Sandoval (IMICHILE), Tweety Gonz\u00e1lez (Twittin Records \/ ASIAr), Fernando Dotta (Balaclava), entre outros.<\/p>\n<p>&nbsp;<\/p>\n<p>&nbsp;<\/p>\n<p>12 a 14 de novembro, das 9h \u00e0s 18h, Lima, Peru<\/p>\n","protected":false},"excerpt":{"rendered":"<p>O VMFPro \u00e9 um encontro internacional da Ind\u00fastria Musical que se realiza no \u00e2mbito do Veltrac Music Festival. Nesta sua 2\u00aa edi\u00e7\u00e3o, procura promover espa\u00e7os de reflex\u00e3o sobre a import\u00e2ncia do trabalho em rede e do associativismo, bem como suscitar conversas sobre a relev\u00e2ncia das ferramentas digitais na atualidade e sobre os agentes que fazem [&hellip;]<\/p>\n","protected":false},"author":7,"featured_media":17232,"comment_status":"closed","ping_status":"closed","sticky":false,"template":"","format":"standard","meta":{"footnotes":""},"categories":[218],"tags":[],"class_list":["post-17234","post","type-post","status-publish","format-standard","has-post-thumbnail","hentry","category-noticias-generales-pt"],"lang":"pt","translations":{"pt":17234,"es":17230},"pll_sync_post":[],"post_mailing_queue_ids":[],"_links":{"self":[{"href":"http:\/\/staging.ibermusicas.org\/index.php\/wp-json\/wp\/v2\/posts\/17234","targetHints":{"allow":["GET"]}}],"collection":[{"href":"http:\/\/staging.ibermusicas.org\/index.php\/wp-json\/wp\/v2\/posts"}],"about":[{"href":"http:\/\/staging.ibermusicas.org\/index.php\/wp-json\/wp\/v2\/types\/post"}],"author":[{"embeddable":true,"href":"http:\/\/staging.ibermusicas.org\/index.php\/wp-json\/wp\/v2\/users\/7"}],"replies":[{"embeddable":true,"href":"http:\/\/staging.ibermusicas.org\/index.php\/wp-json\/wp\/v2\/comments?post=17234"}],"version-history":[{"count":1,"href":"http:\/\/staging.ibermusicas.org\/index.php\/wp-json\/wp\/v2\/posts\/17234\/revisions"}],"predecessor-version":[{"id":17235,"href":"http:\/\/staging.ibermusicas.org\/index.php\/wp-json\/wp\/v2\/posts\/17234\/revisions\/17235"}],"wp:featuredmedia":[{"embeddable":true,"href":"http:\/\/staging.ibermusicas.org\/index.php\/wp-json\/wp\/v2\/media\/17232"}],"wp:attachment":[{"href":"http:\/\/staging.ibermusicas.org\/index.php\/wp-json\/wp\/v2\/media?parent=17234"}],"wp:term":[{"taxonomy":"category","embeddable":true,"href":"http:\/\/staging.ibermusicas.org\/index.php\/wp-json\/wp\/v2\/categories?post=17234"},{"taxonomy":"post_tag","embeddable":true,"href":"http:\/\/staging.ibermusicas.org\/index.php\/wp-json\/wp\/v2\/tags?post=17234"}],"curies":[{"name":"wp","href":"https:\/\/api.w.org\/{rel}","templated":true}]}}