{"id":17239,"date":"2023-10-30T21:14:15","date_gmt":"2023-10-30T21:14:15","guid":{"rendered":"http:\/\/staging.ibermusicas.org\/?p=17239"},"modified":"2023-11-16T12:58:34","modified_gmt":"2023-11-16T12:58:34","slug":"maze-terra-o-duo-de-rappers-conformado-por-um-portugues-e-um-brasileiro-apresentam-em-brasil-o-seu-trabalho-colaborativo-fronteira-matria","status":"publish","type":"post","link":"http:\/\/staging.ibermusicas.org\/index.php\/maze-terra-o-duo-de-rappers-conformado-por-um-portugues-e-um-brasileiro-apresentam-em-brasil-o-seu-trabalho-colaborativo-fronteira-matria\/","title":{"rendered":"Maze + Terra, o duo de rappers conformado por um portugu\u00e9s e um brasileiro, apresentam em Brasil o seu trabalho colaborativo Fronteira-M\u00e1tria"},"content":{"rendered":"<p>Unidos pelo rap e pela l\u00edngua portuguesa, que esconde muitas l\u00ednguas dentro da mesma, o portugu\u00eas Maze e o brasileiro Terra assinam juntos \u201cFronteira-M\u00e1tria\u201d, a ser apresentado dentro da programa\u00e7\u00e3o da \u201cTerra do Rap &#8211; Festival de Cultura Urbana da L\u00edngua\u201d, em salas de teatro da rede Sesi Cultural\/Sistema Firjan.<\/p>\n<p>&nbsp;<\/p>\n<p>A apresenta\u00e7\u00e3o da dupla, in\u00e9dita no Brasil, foi contemplada no edital do \u201cPrograma Iberm\u00fasicas\u201d, para viabilizar o deslocamento do artista portugu\u00eas e sua equipe.<\/p>\n<p>&nbsp;<\/p>\n<p>Andr\u00e9 V. Neves (Maze) e Vinicius Terra (Terra) conheceram-se h\u00e1 mais de dez anos numa viagem do segundo a Portugal para dar alguns concertos. Depois disso, Maze foi ao Brasil participar no festival Terra do Rap, que tem curadoria de Vinicius, e foram mantendo o contacto, digital e pessoalmente, criando uma rela\u00e7\u00e3o que mais do que de trabalho passou a ser de amizade.<\/p>\n<p>&nbsp;<\/p>\n<p>O rap (sigla para ritmo e poesia, em ingl\u00eas), que ambos fazem h\u00e1 mais de 20 anos, juntou-os. J\u00e1 a ideia de publicarem um livro em conjunto surgiu por causa de um convite da Casa Fernando Pessoa, em Lisboa, para um espet\u00e1culo de comemora\u00e7\u00e3o do Dia de Portugal em junho do ano passado.<\/p>\n<p>&nbsp;<\/p>\n<p>Quanto \u00e0 escolha do t\u00edtulo \u201cFronteira-M\u00e1tria\u201d para a apresenta\u00e7\u00e3o do livro, Vinicius Terra justifica \u201cqueremos ressignificar o conceito de na\u00e7\u00e3o. Se pensarmos no masculino p\u00e1tria, no conceito, ele \u00e9 austero. E se fossemos m\u00e1tria, se Portugal fosse uma m\u00e1tria? Se o Brasil fosse uma m\u00e1tria? No sentido feminino da gesta\u00e7\u00e3o, de gerar um ser, de acalentar um ser, de fazer crescer um ser. E n\u00e3o uma figura cl\u00e1ssica do paterno austero\u201d.<\/p>\n<p>&nbsp;<\/p>\n<p>Chega finalmente o momento de materializa a estreia de uma ideia de coopera\u00e7\u00e3o na literatura entre o Brasil e Portugal, sobretudo na gera\u00e7\u00e3o a que ambos pertencem e que foi t\u00e3o prof\u00edcua no liricismo, no trato com a palavra.<\/p>\n<p>&nbsp;<\/p>\n<ul>\n<li>15 de Novembro \u2013 Teatro do SESI | Rio de Janeiro<\/li>\n<li>17 de Novembro \u2013 Teatro do SESI | Maca\u00e9<\/li>\n<li>18 de Novembro \u2013 Teatro do SESI | Campos dos Goytacazes<\/li>\n<li>19 de Novembro \u2013 Teatro do SESI | Itaperuna<\/li>\n<\/ul>\n","protected":false},"excerpt":{"rendered":"<p>Unidos pelo rap e pela l\u00edngua portuguesa, que esconde muitas l\u00ednguas dentro da mesma, o portugu\u00eas Maze e o brasileiro Terra assinam juntos \u201cFronteira-M\u00e1tria\u201d, a ser apresentado dentro da programa\u00e7\u00e3o da \u201cTerra do Rap &#8211; Festival de Cultura Urbana da L\u00edngua\u201d, em salas de teatro da rede Sesi Cultural\/Sistema Firjan. &nbsp; A apresenta\u00e7\u00e3o da dupla, [&hellip;]<\/p>\n","protected":false},"author":7,"featured_media":17237,"comment_status":"closed","ping_status":"closed","sticky":false,"template":"","format":"standard","meta":{"footnotes":""},"categories":[218],"tags":[],"class_list":["post-17239","post","type-post","status-publish","format-standard","has-post-thumbnail","hentry","category-noticias-generales-pt"],"lang":"pt","translations":{"pt":17239,"es":17236},"pll_sync_post":[],"post_mailing_queue_ids":[],"_links":{"self":[{"href":"http:\/\/staging.ibermusicas.org\/index.php\/wp-json\/wp\/v2\/posts\/17239","targetHints":{"allow":["GET"]}}],"collection":[{"href":"http:\/\/staging.ibermusicas.org\/index.php\/wp-json\/wp\/v2\/posts"}],"about":[{"href":"http:\/\/staging.ibermusicas.org\/index.php\/wp-json\/wp\/v2\/types\/post"}],"author":[{"embeddable":true,"href":"http:\/\/staging.ibermusicas.org\/index.php\/wp-json\/wp\/v2\/users\/7"}],"replies":[{"embeddable":true,"href":"http:\/\/staging.ibermusicas.org\/index.php\/wp-json\/wp\/v2\/comments?post=17239"}],"version-history":[{"count":1,"href":"http:\/\/staging.ibermusicas.org\/index.php\/wp-json\/wp\/v2\/posts\/17239\/revisions"}],"predecessor-version":[{"id":17240,"href":"http:\/\/staging.ibermusicas.org\/index.php\/wp-json\/wp\/v2\/posts\/17239\/revisions\/17240"}],"wp:featuredmedia":[{"embeddable":true,"href":"http:\/\/staging.ibermusicas.org\/index.php\/wp-json\/wp\/v2\/media\/17237"}],"wp:attachment":[{"href":"http:\/\/staging.ibermusicas.org\/index.php\/wp-json\/wp\/v2\/media?parent=17239"}],"wp:term":[{"taxonomy":"category","embeddable":true,"href":"http:\/\/staging.ibermusicas.org\/index.php\/wp-json\/wp\/v2\/categories?post=17239"},{"taxonomy":"post_tag","embeddable":true,"href":"http:\/\/staging.ibermusicas.org\/index.php\/wp-json\/wp\/v2\/tags?post=17239"}],"curies":[{"name":"wp","href":"https:\/\/api.w.org\/{rel}","templated":true}]}}