{"id":17244,"date":"2023-10-30T21:22:02","date_gmt":"2023-10-30T21:22:02","guid":{"rendered":"http:\/\/staging.ibermusicas.org\/?p=17244"},"modified":"2023-11-16T12:58:26","modified_gmt":"2023-11-16T12:58:26","slug":"a-agrupacao-brasileira-dois-a-dois-leva-a-sua-proposta-para-portugal","status":"publish","type":"post","link":"http:\/\/staging.ibermusicas.org\/index.php\/a-agrupacao-brasileira-dois-a-dois-leva-a-sua-proposta-para-portugal\/","title":{"rendered":"A agrupa\u00e7\u00e3o brasileira Dois a Dois leva a sua proposta para Portugal"},"content":{"rendered":"<p>O encontro musical de Lu\u00edsa Lacerda (voz e viol\u00e3o), Maria Clara Valle (violoncelo) e Diego Zangado (bateria\/percuss\u00e3o) fez surgir uma rica parceria que evoluiu e ganhou forma de show: \u201cDois a dois\u201d. Interpretando m\u00fasicas do cancioneiro brasileiro, o trio intercala obras de diferentes autores(as) com destaque para uma nova safra de compositores e compositoras da atualidade.<\/p>\n<p>&nbsp;<\/p>\n<p>Neste espet\u00e1culo, s\u00e3o apresentados ritmos e subg\u00eaneros imersos na diversidade da can\u00e7\u00e3o brasileira: valsas, frevos, cocos, choros can\u00e7\u00e3o, boi, entre outros, em arranjos especialmente elaborados para essa forma\u00e7\u00e3o pouco convencional. O trio se prop\u00f5e a explorar as sonoridades de seus instrumentos, misturando o popular e o erudito, a m\u00fasica cantada e a instrumental, lan\u00e7ando-se numa aventura de recria\u00e7\u00e3o e ousadia.<\/p>\n<p>&nbsp;<\/p>\n<p>Al\u00e9m da apresenta\u00e7\u00e3o do show, prop\u00f5e-se tamb\u00e9m a realiza\u00e7\u00e3o de um workshop de M\u00fasica Brasileira, a fim de estreitar ainda mais os la\u00e7os e ampliar o interc\u00e2mbio de saberes. O Workshop intitulado \u201cViv\u00eancias brasileiras\u201d ser\u00e1 dividido em duas oficinas para p\u00fablicos alvos distintos: o \u201cO arranjo na can\u00e7\u00e3o popular\u201d e \u201cO samba de bateria\u201d.<\/p>\n<p>&nbsp;<\/p>\n<p>Conforman Dois a dois: Lu\u00edsa Lacerda: cantora, violonista, compositora, arranjadora e produtora musical, Maria Clara Valle: Maria Clara Valle: violoncelista, compositora, arranjadora e educadora musical e Diego Zangado: baterista, percussionista e educador.<\/p>\n<p>&nbsp;<\/p>\n<p>Para esta turn\u00e9, Dois a Dois tem sido vencedor das Ajudas ao Setor Musical para a Circula\u00e7\u00e3o do Programa Iberm\u00fasicas.<\/p>\n<p>&nbsp;<\/p>\n<p>&nbsp;<\/p>\n<ul>\n<li>15 de novembro, Show no Sal\u00e3o Brasil, Coimbra, Portugal<\/li>\n<li>16 de novembro, Show no Samambaia, Lisboa, Portugal<\/li>\n<li>17 de novembro, Show no Centro de Di\u00e1logo Intercultural, Leiria, Portugal<\/li>\n<li>19 de novembro, Oficinas no BOTA, Lisboa, Portugal<\/li>\n<\/ul>\n<p>&nbsp;<\/p>\n","protected":false},"excerpt":{"rendered":"<p>O encontro musical de Lu\u00edsa Lacerda (voz e viol\u00e3o), Maria Clara Valle (violoncelo) e Diego Zangado (bateria\/percuss\u00e3o) fez surgir uma rica parceria que evoluiu e ganhou forma de show: \u201cDois a dois\u201d. Interpretando m\u00fasicas do cancioneiro brasileiro, o trio intercala obras de diferentes autores(as) com destaque para uma nova safra de compositores e compositoras da [&hellip;]<\/p>\n","protected":false},"author":7,"featured_media":17242,"comment_status":"closed","ping_status":"closed","sticky":false,"template":"","format":"standard","meta":{"footnotes":""},"categories":[218],"tags":[],"class_list":["post-17244","post","type-post","status-publish","format-standard","has-post-thumbnail","hentry","category-noticias-generales-pt"],"lang":"pt","translations":{"pt":17244,"es":17241},"pll_sync_post":[],"post_mailing_queue_ids":[],"_links":{"self":[{"href":"http:\/\/staging.ibermusicas.org\/index.php\/wp-json\/wp\/v2\/posts\/17244","targetHints":{"allow":["GET"]}}],"collection":[{"href":"http:\/\/staging.ibermusicas.org\/index.php\/wp-json\/wp\/v2\/posts"}],"about":[{"href":"http:\/\/staging.ibermusicas.org\/index.php\/wp-json\/wp\/v2\/types\/post"}],"author":[{"embeddable":true,"href":"http:\/\/staging.ibermusicas.org\/index.php\/wp-json\/wp\/v2\/users\/7"}],"replies":[{"embeddable":true,"href":"http:\/\/staging.ibermusicas.org\/index.php\/wp-json\/wp\/v2\/comments?post=17244"}],"version-history":[{"count":1,"href":"http:\/\/staging.ibermusicas.org\/index.php\/wp-json\/wp\/v2\/posts\/17244\/revisions"}],"predecessor-version":[{"id":17245,"href":"http:\/\/staging.ibermusicas.org\/index.php\/wp-json\/wp\/v2\/posts\/17244\/revisions\/17245"}],"wp:featuredmedia":[{"embeddable":true,"href":"http:\/\/staging.ibermusicas.org\/index.php\/wp-json\/wp\/v2\/media\/17242"}],"wp:attachment":[{"href":"http:\/\/staging.ibermusicas.org\/index.php\/wp-json\/wp\/v2\/media?parent=17244"}],"wp:term":[{"taxonomy":"category","embeddable":true,"href":"http:\/\/staging.ibermusicas.org\/index.php\/wp-json\/wp\/v2\/categories?post=17244"},{"taxonomy":"post_tag","embeddable":true,"href":"http:\/\/staging.ibermusicas.org\/index.php\/wp-json\/wp\/v2\/tags?post=17244"}],"curies":[{"name":"wp","href":"https:\/\/api.w.org\/{rel}","templated":true}]}}