{"id":17246,"date":"2023-10-30T21:24:10","date_gmt":"2023-10-30T21:24:10","guid":{"rendered":"http:\/\/staging.ibermusicas.org\/?p=17246"},"modified":"2023-11-16T12:54:36","modified_gmt":"2023-11-16T12:54:36","slug":"el-ensamble-de-clarinetes-asab-presenta-el-viaje-del-clarinete-colombiano-por-centroamerica-y-el-caribe","status":"publish","type":"post","link":"http:\/\/staging.ibermusicas.org\/index.php\/el-ensamble-de-clarinetes-asab-presenta-el-viaje-del-clarinete-colombiano-por-centroamerica-y-el-caribe\/","title":{"rendered":"El Ensamble de Clarinetes ASAB presenta el \u201cViaje del Clarinete Colombiano\u201d por Centroam\u00e9rica y el Caribe"},"content":{"rendered":"<p>El \u201cViaje del Clarinete Colombiano\u201d es una iniciativa pedag\u00f3gica de difusi\u00f3n y promoci\u00f3n de las m\u00fasicas tradicionales colombianas por parte del Ensamble de Clarinetes ASAB.<\/p>\n<p>&nbsp;<\/p>\n<p>La propuesta nace con el fin de establecer relaciones cercanas con algunos de los pa\u00edses de Latinoam\u00e9rica que tienen un notable inter\u00e9s por la creaci\u00f3n de espacios para la experimentaci\u00f3n y apropiaci\u00f3n de las m\u00fasicas regionales.<\/p>\n<p>&nbsp;<\/p>\n<p>Realizar\u00e1n un ciclo de conciertos, clases magistrales, una conferencia l\u00fadico-pr\u00e1ctica y un conversatorio, que retratan la experiencia particular del Ensamble como laboratorio para la investigaci\u00f3n del folklore colombiano con los recursos t\u00e9cnicos del clarinete. Con esta iniciativa el ensamble pretende llevar la m\u00fasica colombiana a la mayor cantidad de esferas posibles, involucrar al p\u00fablico en un acto de creaci\u00f3n colectiva y principalmente brindar espacios orientados al compartir del saber musical con los j\u00f3venes de cada pa\u00eds anfitri\u00f3n de una forma novedosa.<\/p>\n<p>&nbsp;<\/p>\n<p>El Ensamble de clarinetes ASAB fue creado en el a\u00f1o 2011 como una alternativa de formaci\u00f3n integral, cuyo objetivo principal era brindar a los estudiantes de pregrado y preparatorio del \u00e9nfasis de clarinete de la Facultad de Artes ASAB (Universidad Distrital Francisco Jos\u00e9 de Caldas) un espacio de trabajo colaborativo orientado al compartir de saberes entre distintas generaciones. Adem\u00e1s de aspirar a la formaci\u00f3n de la m\u00e1s alta calidad interpretativa en cada uno de sus miembros, el Ensamble ha funcionado como laboratorio para la producci\u00f3n y apropiaci\u00f3n de arreglos, transcripciones y composiciones creadas por sus integrantes.<\/p>\n<p>&nbsp;<\/p>\n<p>Este proyecto cuenta con el apoyo de Iberm\u00fasicas mediante sus Ayudas al Sector Musical para la Circulaci\u00f3n.<\/p>\n","protected":false},"excerpt":{"rendered":"<p>El \u201cViaje del Clarinete Colombiano\u201d es una iniciativa pedag\u00f3gica de difusi\u00f3n y promoci\u00f3n de las m\u00fasicas tradicionales colombianas por parte del Ensamble de Clarinetes ASAB. &nbsp; La propuesta nace con el fin de establecer relaciones cercanas con algunos de los pa\u00edses de Latinoam\u00e9rica que tienen un notable inter\u00e9s por la creaci\u00f3n de espacios para la [&hellip;]<\/p>\n","protected":false},"author":7,"featured_media":17247,"comment_status":"closed","ping_status":"closed","sticky":false,"template":"","format":"standard","meta":{"footnotes":""},"categories":[53],"tags":[],"class_list":["post-17246","post","type-post","status-publish","format-standard","has-post-thumbnail","hentry","category-noticias-generales"],"lang":"es","translations":{"es":17246,"pt":17249},"pll_sync_post":[],"post_mailing_queue_ids":[],"_links":{"self":[{"href":"http:\/\/staging.ibermusicas.org\/index.php\/wp-json\/wp\/v2\/posts\/17246","targetHints":{"allow":["GET"]}}],"collection":[{"href":"http:\/\/staging.ibermusicas.org\/index.php\/wp-json\/wp\/v2\/posts"}],"about":[{"href":"http:\/\/staging.ibermusicas.org\/index.php\/wp-json\/wp\/v2\/types\/post"}],"author":[{"embeddable":true,"href":"http:\/\/staging.ibermusicas.org\/index.php\/wp-json\/wp\/v2\/users\/7"}],"replies":[{"embeddable":true,"href":"http:\/\/staging.ibermusicas.org\/index.php\/wp-json\/wp\/v2\/comments?post=17246"}],"version-history":[{"count":1,"href":"http:\/\/staging.ibermusicas.org\/index.php\/wp-json\/wp\/v2\/posts\/17246\/revisions"}],"predecessor-version":[{"id":17248,"href":"http:\/\/staging.ibermusicas.org\/index.php\/wp-json\/wp\/v2\/posts\/17246\/revisions\/17248"}],"wp:featuredmedia":[{"embeddable":true,"href":"http:\/\/staging.ibermusicas.org\/index.php\/wp-json\/wp\/v2\/media\/17247"}],"wp:attachment":[{"href":"http:\/\/staging.ibermusicas.org\/index.php\/wp-json\/wp\/v2\/media?parent=17246"}],"wp:term":[{"taxonomy":"category","embeddable":true,"href":"http:\/\/staging.ibermusicas.org\/index.php\/wp-json\/wp\/v2\/categories?post=17246"},{"taxonomy":"post_tag","embeddable":true,"href":"http:\/\/staging.ibermusicas.org\/index.php\/wp-json\/wp\/v2\/tags?post=17246"}],"curies":[{"name":"wp","href":"https:\/\/api.w.org\/{rel}","templated":true}]}}