{"id":17249,"date":"2023-10-30T21:25:50","date_gmt":"2023-10-30T21:25:50","guid":{"rendered":"http:\/\/staging.ibermusicas.org\/?p=17249"},"modified":"2023-11-16T12:58:20","modified_gmt":"2023-11-16T12:58:20","slug":"o-ensemble-de-clarinetes-da-asab-apresenta-a-viagem-do-clarinete-colombiano-pela-america-central-e-caraibas","status":"publish","type":"post","link":"http:\/\/staging.ibermusicas.org\/index.php\/o-ensemble-de-clarinetes-da-asab-apresenta-a-viagem-do-clarinete-colombiano-pela-america-central-e-caraibas\/","title":{"rendered":"O Ensemble de Clarinetes da ASAB apresenta a \u00abViagem do Clarinete Colombiano\u00bb pela Am\u00e9rica Central e Cara\u00edbas"},"content":{"rendered":"<p>A \u00abViagem do Clarinete Colombiano\u00bb \u00e9 uma iniciativa pedag\u00f3gica de divulga\u00e7\u00e3o e promo\u00e7\u00e3o da m\u00fasica tradicional colombiana pelo Ensemble de Clarinetes ASAB.<\/p>\n<p>&nbsp;<\/p>\n<p>A proposta nasceu com o objetivo de estabelecer rela\u00e7\u00f5es estreitas com alguns dos pa\u00edses latino-americanos que t\u00eam um interesse not\u00e1vel na cria\u00e7\u00e3o de espa\u00e7os de experimenta\u00e7\u00e3o e apropria\u00e7\u00e3o da m\u00fasica regional.<\/p>\n<p>&nbsp;<\/p>\n<p>Ser\u00e3o realizados uma s\u00e9rie de concertos, masterclasses, uma confer\u00eancia l\u00fadico-pr\u00e1tica e uma palestra, que retratam a experi\u00eancia particular do Ensemble como laborat\u00f3rio de investiga\u00e7\u00e3o do folclore colombiano com os recursos t\u00e9cnicos do clarinete. Com esta iniciativa, o ensemble pretende levar a m\u00fasica colombiana ao maior n\u00famero de esferas poss\u00edvel, envolver o p\u00fablico num ato de cria\u00e7\u00e3o colectiva e, sobretudo, proporcionar espa\u00e7os de partilha de conhecimentos musicais com os jovens de cada pa\u00eds de acolhimento de uma forma inovadora.<\/p>\n<p>&nbsp;<\/p>\n<p>O Ensamble de clarinetes ASAB foi criado em 2011 como uma alternativa de forma\u00e7\u00e3o integral, cujo principal objetivo era proporcionar aos alunos de licenciatura e preparat\u00f3rios da \u00eanfase de clarinete da Faculdade de Artes ASAB (Universidade Distrital Francisco Jos\u00e9 de Caldas) um espa\u00e7o de trabalho colaborativo que visa a partilha de conhecimentos entre diferentes gera\u00e7\u00f5es. Para al\u00e9m de aspirar \u00e0 forma\u00e7\u00e3o da mais alta qualidade interpretativa em cada um dos seus membros, o Ensemble tem funcionado como um laborat\u00f3rio para a produ\u00e7\u00e3o e apropria\u00e7\u00e3o de arranjos, transcri\u00e7\u00f5es e composi\u00e7\u00f5es criadas pelos seus membros.<\/p>\n<p>&nbsp;<\/p>\n<p>Este projeto \u00e9 apoiado pelo Iberm\u00fasicas atrav\u00e9s das suas Ajudas ao Sector Musical para a Circula\u00e7\u00e3o.<\/p>\n","protected":false},"excerpt":{"rendered":"<p>A \u00abViagem do Clarinete Colombiano\u00bb \u00e9 uma iniciativa pedag\u00f3gica de divulga\u00e7\u00e3o e promo\u00e7\u00e3o da m\u00fasica tradicional colombiana pelo Ensemble de Clarinetes ASAB. &nbsp; A proposta nasceu com o objetivo de estabelecer rela\u00e7\u00f5es estreitas com alguns dos pa\u00edses latino-americanos que t\u00eam um interesse not\u00e1vel na cria\u00e7\u00e3o de espa\u00e7os de experimenta\u00e7\u00e3o e apropria\u00e7\u00e3o da m\u00fasica regional. &nbsp; [&hellip;]<\/p>\n","protected":false},"author":7,"featured_media":17247,"comment_status":"closed","ping_status":"closed","sticky":false,"template":"","format":"standard","meta":{"footnotes":""},"categories":[218],"tags":[],"class_list":["post-17249","post","type-post","status-publish","format-standard","has-post-thumbnail","hentry","category-noticias-generales-pt"],"lang":"pt","translations":{"pt":17249,"es":17246},"pll_sync_post":[],"post_mailing_queue_ids":[],"_links":{"self":[{"href":"http:\/\/staging.ibermusicas.org\/index.php\/wp-json\/wp\/v2\/posts\/17249","targetHints":{"allow":["GET"]}}],"collection":[{"href":"http:\/\/staging.ibermusicas.org\/index.php\/wp-json\/wp\/v2\/posts"}],"about":[{"href":"http:\/\/staging.ibermusicas.org\/index.php\/wp-json\/wp\/v2\/types\/post"}],"author":[{"embeddable":true,"href":"http:\/\/staging.ibermusicas.org\/index.php\/wp-json\/wp\/v2\/users\/7"}],"replies":[{"embeddable":true,"href":"http:\/\/staging.ibermusicas.org\/index.php\/wp-json\/wp\/v2\/comments?post=17249"}],"version-history":[{"count":1,"href":"http:\/\/staging.ibermusicas.org\/index.php\/wp-json\/wp\/v2\/posts\/17249\/revisions"}],"predecessor-version":[{"id":17250,"href":"http:\/\/staging.ibermusicas.org\/index.php\/wp-json\/wp\/v2\/posts\/17249\/revisions\/17250"}],"wp:featuredmedia":[{"embeddable":true,"href":"http:\/\/staging.ibermusicas.org\/index.php\/wp-json\/wp\/v2\/media\/17247"}],"wp:attachment":[{"href":"http:\/\/staging.ibermusicas.org\/index.php\/wp-json\/wp\/v2\/media?parent=17249"}],"wp:term":[{"taxonomy":"category","embeddable":true,"href":"http:\/\/staging.ibermusicas.org\/index.php\/wp-json\/wp\/v2\/categories?post=17249"},{"taxonomy":"post_tag","embeddable":true,"href":"http:\/\/staging.ibermusicas.org\/index.php\/wp-json\/wp\/v2\/tags?post=17249"}],"curies":[{"name":"wp","href":"https:\/\/api.w.org\/{rel}","templated":true}]}}