{"id":17298,"date":"2023-11-16T12:49:07","date_gmt":"2023-11-16T12:49:07","guid":{"rendered":"http:\/\/staging.ibermusicas.org\/?p=17298"},"modified":"2023-11-16T12:49:19","modified_gmt":"2023-11-16T12:49:19","slug":"encontro-ibermusicas-em-lisboa","status":"publish","type":"post","link":"http:\/\/staging.ibermusicas.org\/index.php\/encontro-ibermusicas-em-lisboa\/","title":{"rendered":"Encontro Iberm\u00fasicas em Lisboa"},"content":{"rendered":"<p>A Unidade T\u00e9cnica do Programa Iberm\u00fasicas, em colabora\u00e7\u00e3o com a DGArtes de Portugal, realizou um encontro presencial no Jardim Bot\u00e2nico Tropical da Universidade de Lisboa, no \u00e2mbito do VIII Congresso Ibero-Americano de Cultura organizado pela SEGIB.<\/p>\n<p>&nbsp;<\/p>\n<p>Neste encontro, foi feita uma apresenta\u00e7\u00e3o das realiza\u00e7\u00f5es, do alcance e dos desafios do Programa ao longo dos seus dez anos de exist\u00eancia, e foram estabelecidas liga\u00e7\u00f5es para futuras sinergias e parcerias.<\/p>\n<p>&nbsp;<\/p>\n<p>O encontro contou com a presen\u00e7a de autoridades diplom\u00e1ticas, ministeriais e culturais de Cabo Verde, Guin\u00e9 Equatorial, It\u00e1lia, M\u00e9xico, Portugal, Timor-Leste, Casa da Am\u00e9rica Latina em Lisboa, Casa da M\u00fasica do Porto, Ag\u00eancia Espanhola de Coopera\u00e7\u00e3o Internacional para o Desenvolvimento (AECID), Comunidade de Pa\u00edses de L\u00edngua Portuguesa (CPLP), Secretaria-Geral Ibero-Americana (SEGIB), Unidade T\u00e9cnica do Programa Iberm\u00fasicas e benefici\u00e1rias portuguesas das ajudas do Programa Iberm\u00fasicas.<\/p>\n","protected":false},"excerpt":{"rendered":"<p>A Unidade T\u00e9cnica do Programa Iberm\u00fasicas, em colabora\u00e7\u00e3o com a DGArtes de Portugal, realizou um encontro presencial no Jardim Bot\u00e2nico Tropical da Universidade de Lisboa, no \u00e2mbito do VIII Congresso Ibero-Americano de Cultura organizado pela SEGIB. &nbsp; Neste encontro, foi feita uma apresenta\u00e7\u00e3o das realiza\u00e7\u00f5es, do alcance e dos desafios do Programa ao longo dos [&hellip;]<\/p>\n","protected":false},"author":7,"featured_media":17278,"comment_status":"closed","ping_status":"closed","sticky":false,"template":"","format":"standard","meta":{"footnotes":""},"categories":[218],"tags":[],"class_list":["post-17298","post","type-post","status-publish","format-standard","has-post-thumbnail","hentry","category-noticias-generales-pt"],"lang":"pt","translations":{"pt":17298,"es":17296},"pll_sync_post":[],"post_mailing_queue_ids":[],"_links":{"self":[{"href":"http:\/\/staging.ibermusicas.org\/index.php\/wp-json\/wp\/v2\/posts\/17298","targetHints":{"allow":["GET"]}}],"collection":[{"href":"http:\/\/staging.ibermusicas.org\/index.php\/wp-json\/wp\/v2\/posts"}],"about":[{"href":"http:\/\/staging.ibermusicas.org\/index.php\/wp-json\/wp\/v2\/types\/post"}],"author":[{"embeddable":true,"href":"http:\/\/staging.ibermusicas.org\/index.php\/wp-json\/wp\/v2\/users\/7"}],"replies":[{"embeddable":true,"href":"http:\/\/staging.ibermusicas.org\/index.php\/wp-json\/wp\/v2\/comments?post=17298"}],"version-history":[{"count":1,"href":"http:\/\/staging.ibermusicas.org\/index.php\/wp-json\/wp\/v2\/posts\/17298\/revisions"}],"predecessor-version":[{"id":17299,"href":"http:\/\/staging.ibermusicas.org\/index.php\/wp-json\/wp\/v2\/posts\/17298\/revisions\/17299"}],"wp:featuredmedia":[{"embeddable":true,"href":"http:\/\/staging.ibermusicas.org\/index.php\/wp-json\/wp\/v2\/media\/17278"}],"wp:attachment":[{"href":"http:\/\/staging.ibermusicas.org\/index.php\/wp-json\/wp\/v2\/media?parent=17298"}],"wp:term":[{"taxonomy":"category","embeddable":true,"href":"http:\/\/staging.ibermusicas.org\/index.php\/wp-json\/wp\/v2\/categories?post=17298"},{"taxonomy":"post_tag","embeddable":true,"href":"http:\/\/staging.ibermusicas.org\/index.php\/wp-json\/wp\/v2\/tags?post=17298"}],"curies":[{"name":"wp","href":"https:\/\/api.w.org\/{rel}","templated":true}]}}