{"id":17300,"date":"2023-11-16T12:51:03","date_gmt":"2023-11-16T12:51:03","guid":{"rendered":"http:\/\/staging.ibermusicas.org\/?p=17300"},"modified":"2023-11-29T21:40:14","modified_gmt":"2023-11-29T21:40:14","slug":"el-grupo-brasileno-dois-a-dois-lleva-su-propuesta-a-portugal-con-conciertos-y-talleres","status":"publish","type":"post","link":"http:\/\/staging.ibermusicas.org\/index.php\/el-grupo-brasileno-dois-a-dois-lleva-su-propuesta-a-portugal-con-conciertos-y-talleres\/","title":{"rendered":"El grupo brasile\u00f1o Dois a Dois lleva su propuesta a Portugal con conciertos y talleres"},"content":{"rendered":"<p>El encuentro musical de Lu\u00edsa Lacerda (voz y guitarra), Maria Clara Valle (violonchelo) y Diego Zangado (bater\u00eda\/percusi\u00f3n) dio lugar a una rica colaboraci\u00f3n que evolucion\u00f3 en un concierto: \u00abDois a dois\u00bb. Interpretando piezas del cancionero brasile\u00f1o, el tr\u00edo intercala obras de diferentes autores, destacando una nueva cosecha de compositores actuales.<\/p>\n<p>&nbsp;<\/p>\n<p>Este espect\u00e1culo presenta ritmos y subg\u00e9neros inmersos en la diversidad de la canci\u00f3n brasile\u00f1a: valses, frevos, cocos, choros can\u00e7\u00e3o, boi, entre otros, en arreglos especialmente preparados para esta formaci\u00f3n no convencional. El tr\u00edo se lanza a explorar las sonoridades de sus instrumentos, mezclando m\u00fasica popular y cl\u00e1sica, cantada e instrumental, embarc\u00e1ndose en una aventura de recreaci\u00f3n y atrevimiento.<\/p>\n<p>&nbsp;<\/p>\n<p>Adem\u00e1s del concierto, se celebrar\u00e1 un taller sobre m\u00fasica brasile\u00f1a para estrechar a\u00fan m\u00e1s los lazos y ampliar el intercambio de conocimientos. El taller titulado \u00abExperiencias brasile\u00f1as\u00bb se dividir\u00e1 en dos talleres para p\u00fablicos diferentes: \u00abEl arreglo en la canci\u00f3n popular\u00bb y \u00abEl samba de bateria\u201d.<\/p>\n<p>&nbsp;<\/p>\n<p>Dois a Dois \u00e9: Lu\u00edsa Lacerda: cantante, guitarrista, compositora, arreglista y productora musical, Maria Clara Valle: violonchelista, compositora, arreglista y educadora musical y Diego Zangado: baterista, percusionista y educador.<\/p>\n<p>&nbsp;<\/p>\n<p>Para esta gira, Dois a Dois ha recibido la Ayuda al Sector Musical para la Circulaci\u00f3n del Programa Iberm\u00fasicas.<\/p>\n<p>&nbsp;<\/p>\n<ul>\n<li>16 de noviembre, espect\u00e1culo en Samambaia, Lisboa, * Portugal<\/li>\n<li>17 de noviembre, espect\u00e1culo en el Centro para el Di\u00e1logo Intercultural, Leiria, Portugal<\/li>\n<li>19 de noviembre, Talleres en BOTA, Lisboa, Portugal<\/li>\n<\/ul>\n","protected":false},"excerpt":{"rendered":"<p>El encuentro musical de Lu\u00edsa Lacerda (voz y guitarra), Maria Clara Valle (violonchelo) y Diego Zangado (bater\u00eda\/percusi\u00f3n) dio lugar a una rica colaboraci\u00f3n que evolucion\u00f3 en un concierto: \u00abDois a dois\u00bb. Interpretando piezas del cancionero brasile\u00f1o, el tr\u00edo intercala obras de diferentes autores, destacando una nueva cosecha de compositores actuales. &nbsp; Este espect\u00e1culo presenta ritmos [&hellip;]<\/p>\n","protected":false},"author":7,"featured_media":17301,"comment_status":"closed","ping_status":"closed","sticky":false,"template":"","format":"standard","meta":{"footnotes":""},"categories":[53],"tags":[],"class_list":["post-17300","post","type-post","status-publish","format-standard","has-post-thumbnail","hentry","category-noticias-generales"],"lang":"es","translations":{"es":17300,"pt":17303},"pll_sync_post":[],"post_mailing_queue_ids":[],"_links":{"self":[{"href":"http:\/\/staging.ibermusicas.org\/index.php\/wp-json\/wp\/v2\/posts\/17300","targetHints":{"allow":["GET"]}}],"collection":[{"href":"http:\/\/staging.ibermusicas.org\/index.php\/wp-json\/wp\/v2\/posts"}],"about":[{"href":"http:\/\/staging.ibermusicas.org\/index.php\/wp-json\/wp\/v2\/types\/post"}],"author":[{"embeddable":true,"href":"http:\/\/staging.ibermusicas.org\/index.php\/wp-json\/wp\/v2\/users\/7"}],"replies":[{"embeddable":true,"href":"http:\/\/staging.ibermusicas.org\/index.php\/wp-json\/wp\/v2\/comments?post=17300"}],"version-history":[{"count":1,"href":"http:\/\/staging.ibermusicas.org\/index.php\/wp-json\/wp\/v2\/posts\/17300\/revisions"}],"predecessor-version":[{"id":17302,"href":"http:\/\/staging.ibermusicas.org\/index.php\/wp-json\/wp\/v2\/posts\/17300\/revisions\/17302"}],"wp:featuredmedia":[{"embeddable":true,"href":"http:\/\/staging.ibermusicas.org\/index.php\/wp-json\/wp\/v2\/media\/17301"}],"wp:attachment":[{"href":"http:\/\/staging.ibermusicas.org\/index.php\/wp-json\/wp\/v2\/media?parent=17300"}],"wp:term":[{"taxonomy":"category","embeddable":true,"href":"http:\/\/staging.ibermusicas.org\/index.php\/wp-json\/wp\/v2\/categories?post=17300"},{"taxonomy":"post_tag","embeddable":true,"href":"http:\/\/staging.ibermusicas.org\/index.php\/wp-json\/wp\/v2\/tags?post=17300"}],"curies":[{"name":"wp","href":"https:\/\/api.w.org\/{rel}","templated":true}]}}