{"id":17305,"date":"2023-11-16T13:14:14","date_gmt":"2023-11-16T13:14:14","guid":{"rendered":"http:\/\/staging.ibermusicas.org\/?p=17305"},"modified":"2023-11-29T21:40:08","modified_gmt":"2023-11-29T21:40:08","slug":"el-trio-costarricense-reverso-anuncia-su-gira-por-escenarios-de-espana","status":"publish","type":"post","link":"http:\/\/staging.ibermusicas.org\/index.php\/el-trio-costarricense-reverso-anuncia-su-gira-por-escenarios-de-espana\/","title":{"rendered":"El tr\u00edo costarricense Reverso anuncia su gira por escenarios de Espa\u00f1a"},"content":{"rendered":"<p>Reverso es una agrupaci\u00f3n de m\u00fasica de c\u00e1mara, conformada por m\u00fasicos profesionales con amplia experiencia en la interpretaci\u00f3n musical y en la ense\u00f1anza instrumental. Este proyecto musical nace con tres prop\u00f3sitos espec\u00edficos: rescatar y resguardar todo el repertorio que se ha escrito para tromb\u00f3n, piano y percusi\u00f3n, el segundo, promover que la generaci\u00f3n actual de compositores se interese en la creaci\u00f3n de obras para este tipo de ensamble, y el tercero, lograr una mayor proyecci\u00f3n y difusi\u00f3n nacional e internacional de los compositores costarricenses e hispanoamericanos. Reverso cuenta con una producci\u00f3n musical que est\u00e1 conformada en su totalidad de repertorio costarricense.<\/p>\n<p>&nbsp;<\/p>\n<p>Integran Reverso: Mart\u00edn Bonilla en tromb\u00f3n, Alonso Saavedra en piano y Ricardo Alvarado en percusi\u00f3n. Como parte de este proceso de internacionalizaci\u00f3n y con el apoyo de Iberm\u00fasicas, Reverso estar\u00e1 de gira por diferentes instituciones espa\u00f1olas para mostrar su trabajo.<\/p>\n<p>&nbsp;<\/p>\n<ul>\n<li>16 al 18 de noviembre: Escuela Comarcal de M\u00fasica del Comtat, Alicante, Espa\u00f1a<\/li>\n<li>20 de noviembre: Conservatorio Superior de M\u00fasica Andr\u00e9s de Vandelvira, Ja\u00e9n, Espa\u00f1a<\/li>\n<li>24 al 26 de noviembre: XIV Encuentro de la Asociaci\u00f3n de Trombonistas Espa\u00f1oles, Conservatorio Superior de M\u00fasica de Castilla y Le\u00f3n, Salamanca, Espa\u00f1a<\/li>\n<\/ul>\n","protected":false},"excerpt":{"rendered":"<p>Reverso es una agrupaci\u00f3n de m\u00fasica de c\u00e1mara, conformada por m\u00fasicos profesionales con amplia experiencia en la interpretaci\u00f3n musical y en la ense\u00f1anza instrumental. Este proyecto musical nace con tres prop\u00f3sitos espec\u00edficos: rescatar y resguardar todo el repertorio que se ha escrito para tromb\u00f3n, piano y percusi\u00f3n, el segundo, promover que la generaci\u00f3n actual de [&hellip;]<\/p>\n","protected":false},"author":7,"featured_media":17306,"comment_status":"closed","ping_status":"closed","sticky":false,"template":"","format":"standard","meta":{"footnotes":""},"categories":[53],"tags":[],"class_list":["post-17305","post","type-post","status-publish","format-standard","has-post-thumbnail","hentry","category-noticias-generales"],"lang":"es","translations":{"es":17305,"pt":17308},"pll_sync_post":[],"post_mailing_queue_ids":[],"_links":{"self":[{"href":"http:\/\/staging.ibermusicas.org\/index.php\/wp-json\/wp\/v2\/posts\/17305","targetHints":{"allow":["GET"]}}],"collection":[{"href":"http:\/\/staging.ibermusicas.org\/index.php\/wp-json\/wp\/v2\/posts"}],"about":[{"href":"http:\/\/staging.ibermusicas.org\/index.php\/wp-json\/wp\/v2\/types\/post"}],"author":[{"embeddable":true,"href":"http:\/\/staging.ibermusicas.org\/index.php\/wp-json\/wp\/v2\/users\/7"}],"replies":[{"embeddable":true,"href":"http:\/\/staging.ibermusicas.org\/index.php\/wp-json\/wp\/v2\/comments?post=17305"}],"version-history":[{"count":1,"href":"http:\/\/staging.ibermusicas.org\/index.php\/wp-json\/wp\/v2\/posts\/17305\/revisions"}],"predecessor-version":[{"id":17307,"href":"http:\/\/staging.ibermusicas.org\/index.php\/wp-json\/wp\/v2\/posts\/17305\/revisions\/17307"}],"wp:featuredmedia":[{"embeddable":true,"href":"http:\/\/staging.ibermusicas.org\/index.php\/wp-json\/wp\/v2\/media\/17306"}],"wp:attachment":[{"href":"http:\/\/staging.ibermusicas.org\/index.php\/wp-json\/wp\/v2\/media?parent=17305"}],"wp:term":[{"taxonomy":"category","embeddable":true,"href":"http:\/\/staging.ibermusicas.org\/index.php\/wp-json\/wp\/v2\/categories?post=17305"},{"taxonomy":"post_tag","embeddable":true,"href":"http:\/\/staging.ibermusicas.org\/index.php\/wp-json\/wp\/v2\/tags?post=17305"}],"curies":[{"name":"wp","href":"https:\/\/api.w.org\/{rel}","templated":true}]}}