{"id":17308,"date":"2023-11-16T13:15:35","date_gmt":"2023-11-16T13:15:35","guid":{"rendered":"http:\/\/staging.ibermusicas.org\/?p=17308"},"modified":"2023-11-29T21:42:20","modified_gmt":"2023-11-29T21:42:20","slug":"o-trio-costa-riquenho-reverso-anuncia-a-sua-digressao-pelas-salas-espanholas","status":"publish","type":"post","link":"http:\/\/staging.ibermusicas.org\/index.php\/o-trio-costa-riquenho-reverso-anuncia-a-sua-digressao-pelas-salas-espanholas\/","title":{"rendered":"O trio costa-riquenho Reverso anuncia a sua digress\u00e3o pelas salas espanholas"},"content":{"rendered":"<p>Reverso \u00e9 um grupo de m\u00fasica de c\u00e2mara, formado por m\u00fasicos profissionais com ampla experi\u00eancia em performance musical e ensino instrumental. Este projeto musical nasceu com tr\u00eas objetivos espec\u00edficos: resgatar e salvaguardar todo o repert\u00f3rio que foi escrito para trombone, piano e percuss\u00e3o; em segundo lugar, promover o interesse da atual gera\u00e7\u00e3o de compositores na cria\u00e7\u00e3o de obras para este tipo de conjunto; e, em terceiro lugar, conseguir uma maior proje\u00e7\u00e3o e difus\u00e3o nacional e internacional dos compositores costa-riquenhos e latino-americanos. A produ\u00e7\u00e3o musical de Reverso \u00e9 composta inteiramente por repert\u00f3rio costarriquenho.<\/p>\n<p>&nbsp;<\/p>\n<p>Os membros de Reverso s\u00e3o: Mart\u00edn Bonilla no trombone, Alonso Saavedra no piano e Ricardo Alvarado na percuss\u00e3o. No \u00e2mbito deste processo de internacionaliza\u00e7\u00e3o, e com o apoio do Iberm\u00fasicas, Reverso vai percorrer diferentes institui\u00e7\u00f5es espanholas para mostrar o seu trabalho.<\/p>\n<p>&nbsp;<\/p>\n<ul>\n<li>16 a 18 de novembro: Escola Regional de M\u00fasica de Comtat, Alicante, Espanha<\/li>\n<li>20 de novembro: Conservat\u00f3rio Superior de M\u00fasica Andr\u00e9s de Vandelvira, Ja\u00e9n, Espanha<\/li>\n<li>24 a 26 de novembro: XIV Encontro da Associa\u00e7\u00e3o Espanhola de Trombonistas, Conservat\u00f3rio Superior de M\u00fasica de Castilla y Le\u00f3n, Salamanca, Espanha<\/li>\n<\/ul>\n","protected":false},"excerpt":{"rendered":"<p>Reverso \u00e9 um grupo de m\u00fasica de c\u00e2mara, formado por m\u00fasicos profissionais com ampla experi\u00eancia em performance musical e ensino instrumental. Este projeto musical nasceu com tr\u00eas objetivos espec\u00edficos: resgatar e salvaguardar todo o repert\u00f3rio que foi escrito para trombone, piano e percuss\u00e3o; em segundo lugar, promover o interesse da atual gera\u00e7\u00e3o de compositores na [&hellip;]<\/p>\n","protected":false},"author":7,"featured_media":17306,"comment_status":"closed","ping_status":"closed","sticky":false,"template":"","format":"standard","meta":{"footnotes":""},"categories":[218],"tags":[],"class_list":["post-17308","post","type-post","status-publish","format-standard","has-post-thumbnail","hentry","category-noticias-generales-pt"],"lang":"pt","translations":{"pt":17308,"es":17305},"pll_sync_post":[],"post_mailing_queue_ids":[],"_links":{"self":[{"href":"http:\/\/staging.ibermusicas.org\/index.php\/wp-json\/wp\/v2\/posts\/17308","targetHints":{"allow":["GET"]}}],"collection":[{"href":"http:\/\/staging.ibermusicas.org\/index.php\/wp-json\/wp\/v2\/posts"}],"about":[{"href":"http:\/\/staging.ibermusicas.org\/index.php\/wp-json\/wp\/v2\/types\/post"}],"author":[{"embeddable":true,"href":"http:\/\/staging.ibermusicas.org\/index.php\/wp-json\/wp\/v2\/users\/7"}],"replies":[{"embeddable":true,"href":"http:\/\/staging.ibermusicas.org\/index.php\/wp-json\/wp\/v2\/comments?post=17308"}],"version-history":[{"count":1,"href":"http:\/\/staging.ibermusicas.org\/index.php\/wp-json\/wp\/v2\/posts\/17308\/revisions"}],"predecessor-version":[{"id":17309,"href":"http:\/\/staging.ibermusicas.org\/index.php\/wp-json\/wp\/v2\/posts\/17308\/revisions\/17309"}],"wp:featuredmedia":[{"embeddable":true,"href":"http:\/\/staging.ibermusicas.org\/index.php\/wp-json\/wp\/v2\/media\/17306"}],"wp:attachment":[{"href":"http:\/\/staging.ibermusicas.org\/index.php\/wp-json\/wp\/v2\/media?parent=17308"}],"wp:term":[{"taxonomy":"category","embeddable":true,"href":"http:\/\/staging.ibermusicas.org\/index.php\/wp-json\/wp\/v2\/categories?post=17308"},{"taxonomy":"post_tag","embeddable":true,"href":"http:\/\/staging.ibermusicas.org\/index.php\/wp-json\/wp\/v2\/tags?post=17308"}],"curies":[{"name":"wp","href":"https:\/\/api.w.org\/{rel}","templated":true}]}}