{"id":17310,"date":"2023-11-16T13:17:27","date_gmt":"2023-11-16T13:17:27","guid":{"rendered":"http:\/\/staging.ibermusicas.org\/?p=17310"},"modified":"2023-11-16T14:15:27","modified_gmt":"2023-11-16T14:15:27","slug":"timna-comedi-belen-pasqualini-y-nestor-diaz-presentan-su-album-ehola-creado-entre-portugal-argentina-y-espana","status":"publish","type":"post","link":"http:\/\/staging.ibermusicas.org\/index.php\/timna-comedi-belen-pasqualini-y-nestor-diaz-presentan-su-album-ehola-creado-entre-portugal-argentina-y-espana\/","title":{"rendered":"Timna Comedi, Bel\u00e9n Pasqualini y N\u00e9stor D\u00edaz presentan su \u00e1lbum \u201cEhola\u201d creado entre Portugal, Argentina y Espa\u00f1a"},"content":{"rendered":"<p>\u00abEhola\u00bb es un proyecto que nace en plena pandemia, aprovechando la virtualidad para unir tres puntos de Iberoam\u00e9rica: Portugal, Argentina y Espa\u00f1a y a tres artistas de cada uno de estos puntos: Timna Comedi, Bel\u00e9n Pasqualini y N\u00e9stor Diaz. Esta combinaci\u00f3n dota al material de un color extremadamente heterog\u00e9neo y sintetiza sonoramente las influencias de tres artistas procedentes de territorios muy diferentes de Iberoam\u00e9rica. La fuerza y teatralidad presentes en las voces de Timna y Bel\u00e9n, as\u00ed como la forma en que se funden, son inusuales.<\/p>\n<p>&nbsp;<\/p>\n<p>Es la primera grabaci\u00f3n del tr\u00edo con canciones compuestas conjuntamente por Timna Comedi y Bel\u00e9n Pasqualini y arregladas y producidas por N\u00e9stor D\u00edaz. Todo se hizo virtualmente, con ensayos a distancia y luego grabando cada uno desde su ubicaci\u00f3n en el mapa.<\/p>\n<p>&nbsp;<\/p>\n<p>Conceptualmente, el disco busca transmitir el terroir que resulta de la uni\u00f3n de las tres geograf\u00edas de sus integrantes. Las canciones surgieron de un intercambio entre Timna y Bel\u00e9n v\u00eda Zoom y WhatsApp. Luego lleg\u00f3 N\u00e9stor al proyecto con sus arreglos musicales llenos de riqueza y color, complementados con complejas e impredecibles armon\u00edas jazz\u00edsticas. La creaci\u00f3n de este fonograma es el inicio de un proyecto a tr\u00edo.<\/p>\n<p>&nbsp;<\/p>\n<p>Timna Comedi es una cantante, compositora e improvisadora portuguesa y de todo el mundo. Su m\u00fasica cruza fronteras y crea un sonido multicultural original basado en sus experiencias en todos los pa\u00edses en los que ha vivido desde su infancia: Portugal, Brasil, Argentina, Nueva York, Israel y Canad\u00e1. Con m\u00e1s de 15 a\u00f1os de experiencia, ha colaborado con artistas como William Parker, Leo Genovese, Quique Sinesi, Luciana Mello, Cecilia Zabala, entre otros. Ha lanzado 4 \u00e1lbumes, incluyendo \u00abI, Yo, Eu\u00bb grabado en NYC con producci\u00f3n del renombrado Jair<\/p>\n<p>Oliveira.<\/p>\n<p>&nbsp;<\/p>\n<p>Bel\u00e9n Pasqualini es una actriz y cantautora argentina con 15 a\u00f1os de experiencia. Se gradu\u00f3 en la UNA (Universidad Nacional Argentina) y gan\u00f3 una beca Fulbright para estudiar en Nueva York. Como cantante y compositora, ha publicado 3 \u00e1lbumes. Ha realizado giras por Argentina, Am\u00e9rica Latina, Estados Unidos y Europa durante 7 a\u00f1os. Ha trabajado en importantes producciones teatrales.<\/p>\n<p>&nbsp;<\/p>\n<p>N\u00e9stor D\u00edaz es m\u00fasico autodidacta, compositor y arreglista con m\u00e1s de 20 a\u00f1os de experiencia. Ha trabajado en discos de reconocidos artistas como Dino Saluzzi, Mercedes Sosa, Juan Fal\u00fa, Rodolfo Mederos, Juanjo Mossalini, Liliana Herrero, Le\u00f3n Gieco, Olga Rom\u00e1n, entre otros. Como m\u00fasico, ha creado grupos de Folklore y Tango Argentino, arreglando, componiendo y dirigiendo m\u00fasica. Fue el principal arreglador del disco \u00abRa\u00edz Spinetta\u00bb. Particip\u00f3 como arreglador y compositor en el disco de Chiqui Pereyra \u00abVento que veio do sul\u00bb, junto a Mercedes Sosa y Lito Vitale.<\/p>\n<p>&nbsp;<\/p>\n<ul>\n<li>17 de noviembre: Lanzamiento en todas las plataformas digitales<\/li>\n<li>23 de noviembre: Franklin Bar en Chascom\u00fas<\/li>\n<li>24 de noviembre, 21h, Caf\u00e9 Vinilo, Estados Unidos 2483, Ciudad de Buenos Aires<\/li>\n<li>25 de noviembre: Otra Casa, La Plata, Provincia de Buenos Aires<\/li>\n<li>26 de Noviembre: La Terraza del Teatro Picadero, CABA<\/li>\n<li>30 de Noviembre: Ciclo de Cantautores en Birmania Bar<\/li>\n<\/ul>\n<p><strong>\u00a0<\/strong><\/p>\n","protected":false},"excerpt":{"rendered":"<p>\u00abEhola\u00bb es un proyecto que nace en plena pandemia, aprovechando la virtualidad para unir tres puntos de Iberoam\u00e9rica: Portugal, Argentina y Espa\u00f1a y a tres artistas de cada uno de estos puntos: Timna Comedi, Bel\u00e9n Pasqualini y N\u00e9stor Diaz. Esta combinaci\u00f3n dota al material de un color extremadamente heterog\u00e9neo y sintetiza sonoramente las influencias de [&hellip;]<\/p>\n","protected":false},"author":7,"featured_media":17311,"comment_status":"closed","ping_status":"closed","sticky":false,"template":"","format":"standard","meta":{"footnotes":""},"categories":[53],"tags":[],"class_list":["post-17310","post","type-post","status-publish","format-standard","has-post-thumbnail","hentry","category-noticias-generales"],"lang":"es","translations":{"es":17310,"pt":17313},"pll_sync_post":[],"post_mailing_queue_ids":[],"_links":{"self":[{"href":"http:\/\/staging.ibermusicas.org\/index.php\/wp-json\/wp\/v2\/posts\/17310","targetHints":{"allow":["GET"]}}],"collection":[{"href":"http:\/\/staging.ibermusicas.org\/index.php\/wp-json\/wp\/v2\/posts"}],"about":[{"href":"http:\/\/staging.ibermusicas.org\/index.php\/wp-json\/wp\/v2\/types\/post"}],"author":[{"embeddable":true,"href":"http:\/\/staging.ibermusicas.org\/index.php\/wp-json\/wp\/v2\/users\/7"}],"replies":[{"embeddable":true,"href":"http:\/\/staging.ibermusicas.org\/index.php\/wp-json\/wp\/v2\/comments?post=17310"}],"version-history":[{"count":2,"href":"http:\/\/staging.ibermusicas.org\/index.php\/wp-json\/wp\/v2\/posts\/17310\/revisions"}],"predecessor-version":[{"id":17348,"href":"http:\/\/staging.ibermusicas.org\/index.php\/wp-json\/wp\/v2\/posts\/17310\/revisions\/17348"}],"wp:featuredmedia":[{"embeddable":true,"href":"http:\/\/staging.ibermusicas.org\/index.php\/wp-json\/wp\/v2\/media\/17311"}],"wp:attachment":[{"href":"http:\/\/staging.ibermusicas.org\/index.php\/wp-json\/wp\/v2\/media?parent=17310"}],"wp:term":[{"taxonomy":"category","embeddable":true,"href":"http:\/\/staging.ibermusicas.org\/index.php\/wp-json\/wp\/v2\/categories?post=17310"},{"taxonomy":"post_tag","embeddable":true,"href":"http:\/\/staging.ibermusicas.org\/index.php\/wp-json\/wp\/v2\/tags?post=17310"}],"curies":[{"name":"wp","href":"https:\/\/api.w.org\/{rel}","templated":true}]}}