{"id":17313,"date":"2023-11-16T13:23:44","date_gmt":"2023-11-16T13:23:44","guid":{"rendered":"http:\/\/staging.ibermusicas.org\/?p=17313"},"modified":"2023-11-16T14:15:04","modified_gmt":"2023-11-16T14:15:04","slug":"timna-comedi-belen-pasqualini-e-nestor-diaz-apresentam-o-seu-album-ehola-criado-entre-portugal-argentina-e-espanha","status":"publish","type":"post","link":"http:\/\/staging.ibermusicas.org\/index.php\/timna-comedi-belen-pasqualini-e-nestor-diaz-apresentam-o-seu-album-ehola-criado-entre-portugal-argentina-e-espanha\/","title":{"rendered":"Timna Comedi, Bel\u00e9n Pasqualini e N\u00e9stor D\u00edaz apresentam o seu \u00e1lbum \u00abEhola\u00bb criado entre Portugal, Argentina e Espanha"},"content":{"rendered":"<p>\u201cEhola\u201d \u00e9 um projeto que nasceu em plena pandemia, aproveitando a virtualidade para unir tr\u00eas pontos na Ibero-Am\u00e9rica: Portugal, Argentina e Espanha e tr\u00eas artistas de cada um desses pontos: Timna Comedi, Bel\u00e9n Pasqualini e N\u00e9stor Diaz. Esta combina\u00e7\u00e3o aporta ao material uma cor extremamente heterog\u00eanea e sintetiza sonoramente as influ\u00eancias de tr\u00eas artistas de territ\u00f3rios muito diferentes da Ibero-Am\u00e9rica. A for\u00e7a e a teatralidade presentes nas vozes de Timna e Bel\u00e9n, assim como a forma como elas se amalgamam, s\u00e3o inusitadas.<\/p>\n<p>&nbsp;<\/p>\n<p>\u00c9 o primeiro fonograma do trio com m\u00fasicas compostas em conjunto entre Timna Comedi e Bel\u00e9n Pasqualini e com arranjos e produ\u00e7\u00e3o de N\u00e9stor D\u00edaz. Tudo feito virtualmente, com ensaios \u00e0 dist\u00e2ncia e, em seguida, gravando cada um a partir de sua localiza\u00e7\u00e3o no mapa.<\/p>\n<p>&nbsp;<\/p>\n<p>Conceitualmente, o \u00e1lbum busca transmitir o terroir que resulta na uni\u00e3o das tr\u00eas geografias de seus integrantes. As m\u00fasicas surgiram de um interc\u00e2mbio entre Timna e Bel\u00e9n via zoom e whatsapp. Depois N\u00e9stor chegou ao projeto para aportar com seus arranjos musicais cheios de riqueza e cor complementados por harmonias complexas e imprevis\u00edveis, com ares de jazz. A cria\u00e7\u00e3o deste fonograma \u00e9 o in\u00edcio de um projeto a trio.<\/p>\n<p>&nbsp;<\/p>\n<p>Timna Comedi \u00e9 cantora, compositora e improvisadora portuguesa e do mundo. Sua m\u00fasica atravessa fronteiras e cria um som multicultural original a partir de experi\u00eancias vividas em todos os pa\u00edses em que viveu desde a inf\u00e2ncia: Portugal, Brasil, Argentina, Nova York, Israel e Canad\u00e1. Com mais de 15 anos de experi\u00eancia, colaborou com artistas como William Parker, Leo Genovese, Quique Sinesi, Luciana Mello, Cecilia Zabala, entre outros. J\u00e1 lan\u00e7ou 4 \u00e1lbuns, incluindo \u00abI, Yo, Eu\u00bb gravado em NYC com produ\u00e7\u00e3o do renomado Jair<\/p>\n<p>Oliveira.<\/p>\n<p>&nbsp;<\/p>\n<p>Bel\u00e9n Pasqualini \u00e9 atriz, cantora e compositora argentina com 15 anos de experi\u00eancia. Formada na UNA (Universidade Nacional Argentina) e ganhadora de uma bolsa Fulbright para estudar em Nova York. Como cantora e compositora, lan\u00e7ou 3 \u00e1lbuns. H\u00e1 7 anos excursionou pela Argentina, Am\u00e9rica Latina, EUA e Europa. Trabalhou em grandes produ\u00e7\u00f5es teatrais.<\/p>\n<p>&nbsp;<\/p>\n<p>N\u00e9stor D\u00edaz \u00e9 m\u00fasico, compositor e arranjador autodidata com mais de 20 anos de experi\u00eancia. Trabalhou em discos de reconhecidos artistas como Dino Saluzzi, Mercedes Sosa, Juan Fal\u00fa, Rodolfo Mederos, Juanjo Mossalini, Liliana Herrero, Le\u00f3n Gieco, Olga Rom\u00e1n, entre outros. Como m\u00fasico, criou grupos de Folclore e Tango Argentino, assumindo arranjos, composi\u00e7\u00f5es e dire\u00e7\u00e3o musical. Foi o principal arranjador do \u00e1lbum \u201cRa\u00edz Spinetta\u201d. Participou como arranjador e compositor do disco \u201cVento que veio do sul\u201d, de Chiqui Pereyra, ao lado de Mercedes Sosa e Lito Vitale.<\/p>\n<p>&nbsp;<\/p>\n<ul>\n<li>17 de novembro: Lan\u00e7amento em todas as plataformas digitais<\/li>\n<li>23 de novembro: Franklin Bar em Chascom\u00fas<\/li>\n<li>24 de novembro, 21 horas, Caf\u00e9 Vinilo, Estados Unidos 2483, Cidade de Buenos Aires<\/li>\n<li>25 de novembro: Otra Casa, La Plata, Prov\u00edncia de Buenos Aires<\/li>\n<li>26 de novembro: La Terraza del Teatro Picadero, CABA<\/li>\n<li>30 de novembro: Ciclo de Cantautores no Birmania Bar<\/li>\n<\/ul>\n","protected":false},"excerpt":{"rendered":"<p>\u201cEhola\u201d \u00e9 um projeto que nasceu em plena pandemia, aproveitando a virtualidade para unir tr\u00eas pontos na Ibero-Am\u00e9rica: Portugal, Argentina e Espanha e tr\u00eas artistas de cada um desses pontos: Timna Comedi, Bel\u00e9n Pasqualini e N\u00e9stor Diaz. Esta combina\u00e7\u00e3o aporta ao material uma cor extremamente heterog\u00eanea e sintetiza sonoramente as influ\u00eancias de tr\u00eas artistas de [&hellip;]<\/p>\n","protected":false},"author":7,"featured_media":17311,"comment_status":"closed","ping_status":"closed","sticky":false,"template":"","format":"standard","meta":{"footnotes":""},"categories":[218],"tags":[],"class_list":["post-17313","post","type-post","status-publish","format-standard","has-post-thumbnail","hentry","category-noticias-generales-pt"],"lang":"pt","translations":{"pt":17313,"es":17310},"pll_sync_post":[],"post_mailing_queue_ids":[],"_links":{"self":[{"href":"http:\/\/staging.ibermusicas.org\/index.php\/wp-json\/wp\/v2\/posts\/17313","targetHints":{"allow":["GET"]}}],"collection":[{"href":"http:\/\/staging.ibermusicas.org\/index.php\/wp-json\/wp\/v2\/posts"}],"about":[{"href":"http:\/\/staging.ibermusicas.org\/index.php\/wp-json\/wp\/v2\/types\/post"}],"author":[{"embeddable":true,"href":"http:\/\/staging.ibermusicas.org\/index.php\/wp-json\/wp\/v2\/users\/7"}],"replies":[{"embeddable":true,"href":"http:\/\/staging.ibermusicas.org\/index.php\/wp-json\/wp\/v2\/comments?post=17313"}],"version-history":[{"count":3,"href":"http:\/\/staging.ibermusicas.org\/index.php\/wp-json\/wp\/v2\/posts\/17313\/revisions"}],"predecessor-version":[{"id":17347,"href":"http:\/\/staging.ibermusicas.org\/index.php\/wp-json\/wp\/v2\/posts\/17313\/revisions\/17347"}],"wp:featuredmedia":[{"embeddable":true,"href":"http:\/\/staging.ibermusicas.org\/index.php\/wp-json\/wp\/v2\/media\/17311"}],"wp:attachment":[{"href":"http:\/\/staging.ibermusicas.org\/index.php\/wp-json\/wp\/v2\/media?parent=17313"}],"wp:term":[{"taxonomy":"category","embeddable":true,"href":"http:\/\/staging.ibermusicas.org\/index.php\/wp-json\/wp\/v2\/categories?post=17313"},{"taxonomy":"post_tag","embeddable":true,"href":"http:\/\/staging.ibermusicas.org\/index.php\/wp-json\/wp\/v2\/tags?post=17313"}],"curies":[{"name":"wp","href":"https:\/\/api.w.org\/{rel}","templated":true}]}}