{"id":17319,"date":"2023-11-16T13:28:20","date_gmt":"2023-11-16T13:28:20","guid":{"rendered":"http:\/\/staging.ibermusicas.org\/?p=17319"},"modified":"2023-11-29T21:42:12","modified_gmt":"2023-11-29T21:42:12","slug":"a-banda-peruana-yardigans-lanca-seu-album","status":"publish","type":"post","link":"http:\/\/staging.ibermusicas.org\/index.php\/a-banda-peruana-yardigans-lanca-seu-album\/","title":{"rendered":"A banda peruana Yardigans lan\u00e7a seu \u00e1lbum"},"content":{"rendered":"<p>Please, please \u00e9 o t\u00edtulo do novo e mais recente \u00e1lbum dos Yardigans, a banda peruana de indie rock. A gera\u00e7\u00e3o que ningu\u00e9m consegue vencer continua de p\u00e9, e agora t\u00eam mais paix\u00e3o para lutar pelos seus sonhos.<\/p>\n<p>&nbsp;<\/p>\n<p>Ap\u00f3s 5 anos lan\u00e7am um novo \u00e1lbum de est\u00fadio, mostrando maturidade, experi\u00eancia, experimenta\u00e7\u00e3o e vontade de conquistar o mundo. Novos sons, riffs de guitarra e um destaque not\u00e1vel de teclados, sintetizadores e sequ\u00eancias. G\u00e9neros musicais entre o rock, funk, indie, disco, electro, R&amp;B, synth pop, alternativo, dance rock misturam-se nestas 8 m\u00fasicas que t\u00eam um trabalho de composi\u00e7\u00e3o l\u00edrica e musical que inclui temas mais maduros, acompanhados de um conceito mais apaixonado, fazendo deste \u00e1lbum uma experi\u00eancia sonora diferente do seu antecessor.<\/p>\n<p>&nbsp;<\/p>\n<p>Em 2017, eles apresentaram seu EP de estreia: \u00abLos Ni\u00f1os Ya No Quieren M\u00e1s De Lo Mismo\u00bb, sendo uma das melhores propostas musicais em sua cidade natal, Cusco. Em 2018, apresentam seu primeiro \u00e1lbum de est\u00fadio, \u00abYRDGNS\u00bb, posicionando seu nome no cen\u00e1rio independente peruano. Em 2022, lan\u00e7am \u00abEres Fuego\u00bb, o primeiro single de seu segundo \u00e1lbum, e em 2023 lan\u00e7am \u00abLabios Rojos\u00bb e \u00abInfecci\u00f3n\u00bb, singles de seu segundo \u00e1lbum, avan\u00e7ando o novo som da banda. Eles est\u00e3o prestes a lan\u00e7ar seu novo \u00e1lbum, que ser\u00e1 lan\u00e7ado em 2023, acompanhado de uma turn\u00ea nacional e internacional.<\/p>\n<p>&nbsp;<\/p>\n<p>17 de novembro em todas as redes de streaming<\/p>\n","protected":false},"excerpt":{"rendered":"<p>Please, please \u00e9 o t\u00edtulo do novo e mais recente \u00e1lbum dos Yardigans, a banda peruana de indie rock. A gera\u00e7\u00e3o que ningu\u00e9m consegue vencer continua de p\u00e9, e agora t\u00eam mais paix\u00e3o para lutar pelos seus sonhos. &nbsp; Ap\u00f3s 5 anos lan\u00e7am um novo \u00e1lbum de est\u00fadio, mostrando maturidade, experi\u00eancia, experimenta\u00e7\u00e3o e vontade de [&hellip;]<\/p>\n","protected":false},"author":7,"featured_media":17317,"comment_status":"closed","ping_status":"closed","sticky":false,"template":"","format":"standard","meta":{"footnotes":""},"categories":[218],"tags":[],"class_list":["post-17319","post","type-post","status-publish","format-standard","has-post-thumbnail","hentry","category-noticias-generales-pt"],"lang":"pt","translations":{"pt":17319,"es":17315},"pll_sync_post":[],"post_mailing_queue_ids":[],"_links":{"self":[{"href":"http:\/\/staging.ibermusicas.org\/index.php\/wp-json\/wp\/v2\/posts\/17319","targetHints":{"allow":["GET"]}}],"collection":[{"href":"http:\/\/staging.ibermusicas.org\/index.php\/wp-json\/wp\/v2\/posts"}],"about":[{"href":"http:\/\/staging.ibermusicas.org\/index.php\/wp-json\/wp\/v2\/types\/post"}],"author":[{"embeddable":true,"href":"http:\/\/staging.ibermusicas.org\/index.php\/wp-json\/wp\/v2\/users\/7"}],"replies":[{"embeddable":true,"href":"http:\/\/staging.ibermusicas.org\/index.php\/wp-json\/wp\/v2\/comments?post=17319"}],"version-history":[{"count":1,"href":"http:\/\/staging.ibermusicas.org\/index.php\/wp-json\/wp\/v2\/posts\/17319\/revisions"}],"predecessor-version":[{"id":17320,"href":"http:\/\/staging.ibermusicas.org\/index.php\/wp-json\/wp\/v2\/posts\/17319\/revisions\/17320"}],"wp:featuredmedia":[{"embeddable":true,"href":"http:\/\/staging.ibermusicas.org\/index.php\/wp-json\/wp\/v2\/media\/17317"}],"wp:attachment":[{"href":"http:\/\/staging.ibermusicas.org\/index.php\/wp-json\/wp\/v2\/media?parent=17319"}],"wp:term":[{"taxonomy":"category","embeddable":true,"href":"http:\/\/staging.ibermusicas.org\/index.php\/wp-json\/wp\/v2\/categories?post=17319"},{"taxonomy":"post_tag","embeddable":true,"href":"http:\/\/staging.ibermusicas.org\/index.php\/wp-json\/wp\/v2\/tags?post=17319"}],"curies":[{"name":"wp","href":"https:\/\/api.w.org\/{rel}","templated":true}]}}